{"id":654,"date":"2024-02-11T02:57:13","date_gmt":"2024-02-11T05:57:13","guid":{"rendered":"https:\/\/advogadosmc.com.br\/?p=654"},"modified":"2024-02-11T02:57:15","modified_gmt":"2024-02-11T05:57:15","slug":"motorista-indenizacao-excluido-indevidamente-justica","status":"publish","type":"post","link":"https:\/\/advogadosmc.com.br\/?p=654","title":{"rendered":"Motorista Uber Recebe Indeniza\u00e7\u00e3o por Ser Exclu\u00eddo Indevidamente da Plataforma."},"content":{"rendered":"\n<p>A Uber foi <strong>condenada a indenizar o motorista<\/strong> em lucros cessantes, isso quer dizer que desde a data da exclus\u00e3o indevida at\u00e9 a data da senten\u00e7a, <strong>a Uber deve reembolsar o motorista por todo o per\u00edodo que deixou de receber sua renda como de costume<\/strong>.<\/p>\n\n\n\n<!--more-->\n\n\n\n<p>O motorista de aplicativo da Uber foi exclu\u00eddo indevidamente da plataforma, assim deixou de realizar suas atividades habituais, comprovadas por extratos de ganhos, onde se evidencia que o motorista ficou dispon\u00edvel na plataforma por diversas horas. A jurisprud\u00eancia brasileira sustenta que os lucros cessantes devem ser fundamentados em bases seguras.<\/p>\n\n\n\n<p>Isso ocorre normalmente em casos que o motorista \u00e9 exclu\u00eddo sem aviso pr\u00e9vio ou sem explica\u00e7\u00e3o, como em casos de c\u00f3digos que n\u00e3o conhece ou at\u00e9 discrimina\u00e7\u00e3o, mas tamb\u00e9m h\u00e1 v\u00e1rios outros motivos qu elevam a essa indeniza\u00e7\u00e3o.<\/p>\n\n\n\n<p>A t\u00edtulo de exemplo, a aus\u00eancia de pr\u00e9via notifica\u00e7\u00e3o em caso de rescis\u00e3o contratual constitui ato il\u00edcito contratual, conforme estabelecido pelo C\u00f3digo Civil. A Uber descumpriu a cl\u00e1usula contratual referente \u00e0 notifica\u00e7\u00e3o pr\u00e9via, o que causou preju\u00edzos ao motorista. O motorista demonstrou que, caso o servi\u00e7o tivesse continuado, teria auferido sua renda m\u00e9dia mensal durante o per\u00edodo que ficou sem trabalhar devido \u00e0 exclus\u00e3o de sua conta.<\/p>\n\n\n\n<p><strong>O escrit\u00f3rio de Advocacia Marques da Costa j\u00e1 conseguiu vencer essa decis\u00e3o em favor do motorista<\/strong> nos autos do processo n\u00ba 0010890-18.2020.8.16.0182, com base principalmente no que os tribunais vem decidindo: <\/p>\n\n\n\n<p><span id=\"docs-internal-guid-ad4620fc-7fff-dad2-8554-230ee8b2983e\"><p dir=\"ltr\" style=\"line-height: 1.2; margin-left: 113.386pt; text-align: justify; margin-top: 0pt; margin-bottom: 12pt;\"><span style=\"font-size: 10pt; font-family: &quot;Century Gothic&quot;, sans-serif; background-color: transparent; font-style: italic; font-variant-numeric: normal; font-variant-east-asian: normal; font-variant-alternates: normal; font-variant-position: normal; vertical-align: baseline;\">APELA\u00c7\u00c3O C\u00cdVEL \u2013 A\u00c7\u00c3O DE OBRIGA\u00c7\u00c3O DE FAZER C\/C PEDIDO DE INDENIZA\u00c7\u00c3O POR DANOS MATERIAIS E MORAIS C\/C TUTELA DE URG\u00caNCIA \u2013 SENTEN\u00c7A DE PROCED\u00caNCIA \u2013 INSURG\u00caNCIA DA DEMANDADA \u2013 <\/span><span style=\"font-size: 10pt; font-family: &quot;Century Gothic&quot;, sans-serif; background-color: transparent; font-weight: 700; font-style: italic; font-variant-numeric: normal; font-variant-east-asian: normal; font-variant-alternates: normal; font-variant-position: normal; vertical-align: baseline;\">MOTORISTA DO APLICATIVO UBER \u2013 BLOQUEIO E DESCREDENCIAMENTO DA PLATAFORMA, SOB O ARGUMENTO DE EXIST\u00caNCIA DE ANTECEDENTE CRIMINAL <\/span><span style=\"font-size: 10pt; font-family: &quot;Century Gothic&quot;, sans-serif; background-color: transparent; font-style: italic; font-variant-numeric: normal; font-variant-east-asian: normal; font-variant-alternates: normal; font-variant-position: normal; vertical-align: baseline;\">\u2013 INQU\u00c9RITO POLICIAL N\u00ba 0025595-67.2017.8.19.0206\/TJRJ QUE AL\u00c9M DE N\u00c3O REPRESENTAR INIDONEIDADE DO SEU TITULAR, FOI ARQUIVADO COM FULCRO NO ART. 375, II, DO CPP \u2013 AUTOR QUE, PORTANTO, N\u00c3O POSSUI ANTECEDENTES CRIMINAIS \u2013 AUS\u00caNCIA DE VIOLA\u00c7\u00c3O DOS TERMOS E CONDI\u00c7\u00d5ES DA R\u00c9 \u2013 DESATIVA\u00c7\u00c3O INDEVIDA \u2013 NECESSIDADE DE REESTABELECIMENTO DA CONTA DO REQUERENTE \u2013 DANO MORAL CONFIGURADO \u2013 QUANTUM QUE APESAR DE N\u00c3O SE REVELAR ULTRA PETITA, DEVE SER MINORADO PARA R$ 5.000,00, TENDO EM VISTA O CASO CONCRETO, OS PRINC\u00cdPIOS DA RAZOABILIDADE E PROPORCIONALIDADE E, AINDA, CONSIDERANDO OS RECENTES PRECEDENTES DESTE E. TRIBUNAL DE JUSTI\u00c7A<\/span><span style=\"font-size: 10pt; font-family: &quot;Century Gothic&quot;, sans-serif; background-color: rgb(255, 242, 204); font-weight: 700; font-style: italic; font-variant-numeric: normal; font-variant-east-asian: normal; font-variant-alternates: normal; font-variant-position: normal; vertical-align: baseline;\"> \u2013 LUCROS CESSANTES COMPROVADOS E MANTIDOS PELO PER\u00cdODO EM QUE O AUTOR FOI DESCREDENCIADO INDEVIDAMENTE DA PLATAFORMA<\/span><span style=\"font-size: 10pt; font-family: &quot;Century Gothic&quot;, sans-serif; background-color: transparent; font-style: italic; font-variant-numeric: normal; font-variant-east-asian: normal; font-variant-alternates: normal; font-variant-position: normal; vertical-align: baseline;\"> \u2013 SENTEN\u00c7A PARCIALMENTE REFORMADA \u2013 RECURSO DE APELA\u00c7\u00c3O CONHECIDO E PARCIALMENTE PROVIDO. (<\/span><span style=\"font-size: 10pt; font-family: &quot;Century Gothic&quot;, sans-serif; background-color: transparent; font-weight: 700; font-style: italic; font-variant-numeric: normal; font-variant-east-asian: normal; font-variant-alternates: normal; font-variant-position: normal; vertical-align: baseline;\">TJPR<\/span><span style=\"font-size: 10pt; font-family: &quot;Century Gothic&quot;, sans-serif; background-color: transparent; font-style: italic; font-variant-numeric: normal; font-variant-east-asian: normal; font-variant-alternates: normal; font-variant-position: normal; vertical-align: baseline;\"> &#8211; 5\u00aa C. C\u00edvel &#8211; 0025059-05.2019.8.16.0001 &#8211; Curitiba &#8211; Rel.: DESEMBARGADOR RENATO BRAGA BETTEGA &#8211; J. 23.05.<\/span><span style=\"font-size: 10pt; font-family: &quot;Century Gothic&quot;, sans-serif; background-color: transparent; font-weight: 700; font-style: italic; font-variant-numeric: normal; font-variant-east-asian: normal; font-variant-alternates: normal; font-variant-position: normal; vertical-align: baseline;\">2022<\/span><span style=\"font-size: 10pt; font-family: &quot;Century Gothic&quot;, sans-serif; background-color: transparent; font-style: italic; font-variant-numeric: normal; font-variant-east-asian: normal; font-variant-alternates: normal; font-variant-position: normal; vertical-align: baseline;\">) &#8211; (TJ-PR &#8211; APL: 00250590520198160001 Curitiba 0025059-05.2019.8.16.0001 (Ac\u00f3rd\u00e3o), Relator: Renato Braga Bettega, Data de Julgamento: 23\/05\/2022, 5\u00aa C\u00e2mara C\u00edvel, Data de Publica\u00e7\u00e3o: 24\/05\/2022)<\/span><\/p><\/span> <em>&#8220;TJ-RJ &#8211; RECURSO INOMINADO RI 00353129420178190209 RIO DE JANEIRO BARRA DA TIJUCA REGIONAL I J ESP CIV (TJ-RJ) Jurisprudencia: Data de publica\u00e7\u00e3o: 26\/06\/2018 Ementa: <\/em><strong><em>fixado pelos danos morais tamb\u00e9m deve ser mantido<\/em><\/strong><em>, n\u00e3o majorado nem diminu\u00eddo, <\/em><strong><em>por isso que atendeu adequadamente ao disposto no inciso V do artigo 5\u00ba da Carta Pol\u00edtica, servindo, a um tempo, de compensa\u00e7\u00e3o e de puni\u00e7\u00e3o profil\u00e1tica ao r\u00e9u. <\/em><\/strong><em>Quanto aos lucros cessantes, h\u00e1 que se lembrar que, em se tratando de contrato de presta\u00e7\u00e3o de servi\u00e7o por prazo indeterminado, caberia ao r\u00e9u providenciar o aviso pr\u00e9vio ao autor com anteced\u00eancia m\u00ednima de 07 (sete) dias (cl\u00e1usula 12.2, al\u00ednea a &#8211; fls. 185), prazo que se sobrep\u00f5e ao item II do artigo 599 do C\u00f3digo Civil, artigo de lei que constitui norma dispositiva e n\u00e3o obrigat\u00f3ria, podendo ser afastada pelas partes. Segue-se que o autor, notificado, ainda teria o direito de se utilizar dos servi\u00e7os prestados pelo r\u00e9u por sete dias (uma semana), fazendo jus a lucros cessantes equivalentes aos seus ganhos m\u00e9dios semanais, que eram de R$ 1.800,00, segundo documentos produzidos pelo pr\u00f3prio demandado (fls. 103\/109). Quanto ao recurso inominado interposto pelo r\u00e9u, h\u00e1 de ser desprovido por todos os fundamentos acima indicados. Voto, pois, no sentido de que ambos os recursos sejam conhecidos,<\/em><strong><em> provendo-se em parte o do autor, para julgar-se parcialmente procedente o seu pedido de lucros cessantes, fixados em R$ 1.800,00 (mil e oitocentos reais), quantia a ser monetariamente corrigida a partir do dia do desligamento e acrescida de juros de mora a contar da cita\u00e7\u00e3o, e desprovendo-se o do r\u00e9u, que, por isso mesmo, fica condenado nas custas e em honor\u00e1rios de advogado, arbitrados em 20% (vinte por cento) sobre o valor da condena\u00e7\u00e3o. <\/em><\/strong><em>(Poder Judici\u00e1rio do Estado do Rio de Janeiro 3\u00aa Turma Recursal C\u00edvel Recurso Inominado n\u00ba 0035312-94.2017.8.19.0209 Recorrente e Recorrido: UBER DO BRASIL TECNOLOGIA LTDA Recorrente e Recorrido: ALCIR PANISSET BARRETO Relator: Juiz Marcos Ant\u00f4nio Ribeiro de Moura Brito Sess\u00e3o:20\/06\/2018 Pal\u00e1cio da Justi\u00e7a do Estado do Rio de Janeiro &#8211; L\u00e2mina V Avenida Erasmo Braga n\u00ba 115 &#8211; Centro &#8211; Rio de Janeiro &#8211; RJ&#8230;&#8221;)<\/em><\/p>\n\n\n\n<p>Para mais informa\u00e7\u00f5es e orienta\u00e7\u00f5es sobre a\u00e7\u00f5es indenizat\u00f3rias como essa, entre em contato conosco. Estamos aqui para lutar pelos seus direitos e garantir justi\u00e7a a seu favor.<\/p>\n\n\n\n<hr class=\"wp-block-separator has-alpha-channel-opacity\"\/>\n\n\n\n<p>Marques da Costa \u2013 Advocacia e Consultoria Jur\u00eddica<br>Sociedade Ind. de Advocacia n\u00ba 14.373 OAB\/PR<br>CNPJ n\u00ba 47.937.138\/0001-85<br>Advogado Respons\u00e1vel Dr. Vitor Bruno Marques da Costa n\u00ba 94.762 OAB\/PR<br><strong>(41) 99623-3229 | 4042-1448 | <\/strong><em>atendimento@advogadosmc.com.br<\/em><\/p>\n","protected":false},"excerpt":{"rendered":"<p>A Uber foi condenada a indenizar o motorista em lucros cessantes, isso quer dizer que desde a data da exclus\u00e3o indevida at\u00e9 a data da senten\u00e7a, a Uber deve reembolsar o motorista por todo o per\u00edodo que deixou de receber sua renda como de costume.<\/p>\n","protected":false},"author":1,"featured_media":0,"comment_status":"closed","ping_status":"open","sticky":false,"template":"","format":"standard","meta":{"ngg_post_thumbnail":0,"_jetpack_memberships_contains_paid_content":false,"footnotes":""},"categories":[35,16],"tags":[79,78,74,77,67],"class_list":["post-654","post","type-post","status-publish","format-standard","hentry","category-indenizatoria","category-responsabilidade-civil","tag-excluido","tag-exclusao","tag-indenizacao","tag-motorista","tag-uber"],"yoast_head":"<!-- This site is optimized with the Yoast SEO plugin v27.4 - https:\/\/yoast.com\/product\/yoast-seo-wordpress\/ -->\n<title>Motorista Uber Recebe Indeniza\u00e7\u00e3o por Ser Exclu\u00eddo Indevidamente da Plataforma. - Marques da Costa Advogados<\/title>\n<meta name=\"description\" content=\"Motorista exclu\u00eddo da plataforma da Uber \u00e9 indenizado por lucros cessantes durante todo o per\u00edodo que deixou de ganhar a verba das corridas.\" \/>\n<meta name=\"robots\" content=\"index, follow, max-snippet:-1, max-image-preview:large, max-video-preview:-1\" \/>\n<link rel=\"canonical\" href=\"https:\/\/advogadosmc.com.br\/?p=654\" \/>\n<meta property=\"og:locale\" content=\"pt_BR\" \/>\n<meta property=\"og:type\" content=\"article\" \/>\n<meta property=\"og:title\" content=\"Motorista Uber Recebe Indeniza\u00e7\u00e3o por Ser Exclu\u00eddo Indevidamente da Plataforma. - Marques da Costa Advogados\" \/>\n<meta property=\"og:description\" content=\"Motorista exclu\u00eddo da plataforma da Uber \u00e9 indenizado por lucros cessantes durante todo o per\u00edodo que deixou de ganhar a verba das corridas.\" \/>\n<meta property=\"og:url\" content=\"https:\/\/advogadosmc.com.br\/?p=654\" \/>\n<meta property=\"og:site_name\" content=\"Marques da Costa Advogados\" \/>\n<meta property=\"article:published_time\" content=\"2024-02-11T05:57:13+00:00\" \/>\n<meta property=\"article:modified_time\" content=\"2024-02-11T05:57:15+00:00\" \/>\n<meta name=\"author\" content=\"mc\" \/>\n<meta name=\"twitter:card\" content=\"summary_large_image\" \/>\n<meta name=\"twitter:label1\" content=\"Escrito por\" \/>\n\t<meta name=\"twitter:data1\" content=\"mc\" \/>\n\t<meta name=\"twitter:label2\" content=\"Est. tempo de leitura\" \/>\n\t<meta name=\"twitter:data2\" content=\"5 minutos\" \/>\n<script type=\"application\/ld+json\" class=\"yoast-schema-graph\">{\"@context\":\"https:\\\/\\\/schema.org\",\"@graph\":[{\"@type\":\"Article\",\"@id\":\"https:\\\/\\\/advogadosmc.com.br\\\/?p=654#article\",\"isPartOf\":{\"@id\":\"https:\\\/\\\/advogadosmc.com.br\\\/?p=654\"},\"author\":{\"name\":\"mc\",\"@id\":\"https:\\\/\\\/advogadosmc.com.br\\\/#\\\/schema\\\/person\\\/fd85bb7cc9e2a96647c1c05c33f00169\"},\"headline\":\"Motorista Uber Recebe Indeniza\u00e7\u00e3o por Ser Exclu\u00eddo Indevidamente da Plataforma.\",\"datePublished\":\"2024-02-11T05:57:13+00:00\",\"dateModified\":\"2024-02-11T05:57:15+00:00\",\"mainEntityOfPage\":{\"@id\":\"https:\\\/\\\/advogadosmc.com.br\\\/?p=654\"},\"wordCount\":934,\"publisher\":{\"@id\":\"https:\\\/\\\/advogadosmc.com.br\\\/#\\\/schema\\\/person\\\/fd85bb7cc9e2a96647c1c05c33f00169\"},\"keywords\":[\"exclu\u00eddo\",\"exclus\u00e3o\",\"indeniza\u00e7\u00e3o\",\"motorista\",\"uber\"],\"articleSection\":[\"Indenizatoria\",\"Responsabilidade Civil\"],\"inLanguage\":\"pt-BR\"},{\"@type\":\"WebPage\",\"@id\":\"https:\\\/\\\/advogadosmc.com.br\\\/?p=654\",\"url\":\"https:\\\/\\\/advogadosmc.com.br\\\/?p=654\",\"name\":\"Motorista Uber Recebe Indeniza\u00e7\u00e3o por Ser Exclu\u00eddo Indevidamente da Plataforma. - Marques da Costa Advogados\",\"isPartOf\":{\"@id\":\"https:\\\/\\\/advogadosmc.com.br\\\/#website\"},\"datePublished\":\"2024-02-11T05:57:13+00:00\",\"dateModified\":\"2024-02-11T05:57:15+00:00\",\"description\":\"Motorista exclu\u00eddo da plataforma da Uber \u00e9 indenizado por lucros cessantes durante todo o per\u00edodo que deixou de ganhar a verba das corridas.\",\"breadcrumb\":{\"@id\":\"https:\\\/\\\/advogadosmc.com.br\\\/?p=654#breadcrumb\"},\"inLanguage\":\"pt-BR\",\"potentialAction\":[{\"@type\":\"ReadAction\",\"target\":[\"https:\\\/\\\/advogadosmc.com.br\\\/?p=654\"]}]},{\"@type\":\"BreadcrumbList\",\"@id\":\"https:\\\/\\\/advogadosmc.com.br\\\/?p=654#breadcrumb\",\"itemListElement\":[{\"@type\":\"ListItem\",\"position\":1,\"name\":\"In\u00edcio\",\"item\":\"https:\\\/\\\/advogadosmc.com.br\\\/\"},{\"@type\":\"ListItem\",\"position\":2,\"name\":\"Motorista Uber Recebe Indeniza\u00e7\u00e3o por Ser Exclu\u00eddo Indevidamente da Plataforma.\"}]},{\"@type\":\"WebSite\",\"@id\":\"https:\\\/\\\/advogadosmc.com.br\\\/#website\",\"url\":\"https:\\\/\\\/advogadosmc.com.br\\\/\",\"name\":\"Marques da Costa Advogados\",\"description\":\"(41) 99623-3229 | 4042-1448 | atendimento@advogadosmc.com.br\",\"publisher\":{\"@id\":\"https:\\\/\\\/advogadosmc.com.br\\\/#\\\/schema\\\/person\\\/fd85bb7cc9e2a96647c1c05c33f00169\"},\"potentialAction\":[{\"@type\":\"SearchAction\",\"target\":{\"@type\":\"EntryPoint\",\"urlTemplate\":\"https:\\\/\\\/advogadosmc.com.br\\\/?s={search_term_string}\"},\"query-input\":{\"@type\":\"PropertyValueSpecification\",\"valueRequired\":true,\"valueName\":\"search_term_string\"}}],\"inLanguage\":\"pt-BR\"},{\"@type\":[\"Person\",\"Organization\"],\"@id\":\"https:\\\/\\\/advogadosmc.com.br\\\/#\\\/schema\\\/person\\\/fd85bb7cc9e2a96647c1c05c33f00169\",\"name\":\"mc\",\"image\":{\"@type\":\"ImageObject\",\"inLanguage\":\"pt-BR\",\"@id\":\"http:\\\/\\\/advogadosmc.com.br\\\/wp-content\\\/uploads\\\/2018\\\/10\\\/Logo-03-1024x655.png\",\"url\":\"http:\\\/\\\/advogadosmc.com.br\\\/wp-content\\\/uploads\\\/2018\\\/10\\\/Logo-03-1024x655.png\",\"contentUrl\":\"http:\\\/\\\/advogadosmc.com.br\\\/wp-content\\\/uploads\\\/2018\\\/10\\\/Logo-03-1024x655.png\",\"width\":1024,\"height\":655,\"caption\":\"mc\"},\"logo\":{\"@id\":\"http:\\\/\\\/advogadosmc.com.br\\\/wp-content\\\/uploads\\\/2018\\\/10\\\/Logo-03-1024x655.png\"}}]}<\/script>\n<!-- \/ Yoast SEO plugin. -->","yoast_head_json":{"title":"Motorista Uber Recebe Indeniza\u00e7\u00e3o por Ser Exclu\u00eddo Indevidamente da Plataforma. - Marques da Costa Advogados","description":"Motorista exclu\u00eddo da plataforma da Uber \u00e9 indenizado por lucros cessantes durante todo o per\u00edodo que deixou de ganhar a verba das corridas.","robots":{"index":"index","follow":"follow","max-snippet":"max-snippet:-1","max-image-preview":"max-image-preview:large","max-video-preview":"max-video-preview:-1"},"canonical":"https:\/\/advogadosmc.com.br\/?p=654","og_locale":"pt_BR","og_type":"article","og_title":"Motorista Uber Recebe Indeniza\u00e7\u00e3o por Ser Exclu\u00eddo Indevidamente da Plataforma. - Marques da Costa Advogados","og_description":"Motorista exclu\u00eddo da plataforma da Uber \u00e9 indenizado por lucros cessantes durante todo o per\u00edodo que deixou de ganhar a verba das corridas.","og_url":"https:\/\/advogadosmc.com.br\/?p=654","og_site_name":"Marques da Costa Advogados","article_published_time":"2024-02-11T05:57:13+00:00","article_modified_time":"2024-02-11T05:57:15+00:00","author":"mc","twitter_card":"summary_large_image","twitter_misc":{"Escrito por":"mc","Est. tempo de leitura":"5 minutos"},"schema":{"@context":"https:\/\/schema.org","@graph":[{"@type":"Article","@id":"https:\/\/advogadosmc.com.br\/?p=654#article","isPartOf":{"@id":"https:\/\/advogadosmc.com.br\/?p=654"},"author":{"name":"mc","@id":"https:\/\/advogadosmc.com.br\/#\/schema\/person\/fd85bb7cc9e2a96647c1c05c33f00169"},"headline":"Motorista Uber Recebe Indeniza\u00e7\u00e3o por Ser Exclu\u00eddo Indevidamente da Plataforma.","datePublished":"2024-02-11T05:57:13+00:00","dateModified":"2024-02-11T05:57:15+00:00","mainEntityOfPage":{"@id":"https:\/\/advogadosmc.com.br\/?p=654"},"wordCount":934,"publisher":{"@id":"https:\/\/advogadosmc.com.br\/#\/schema\/person\/fd85bb7cc9e2a96647c1c05c33f00169"},"keywords":["exclu\u00eddo","exclus\u00e3o","indeniza\u00e7\u00e3o","motorista","uber"],"articleSection":["Indenizatoria","Responsabilidade Civil"],"inLanguage":"pt-BR"},{"@type":"WebPage","@id":"https:\/\/advogadosmc.com.br\/?p=654","url":"https:\/\/advogadosmc.com.br\/?p=654","name":"Motorista Uber Recebe Indeniza\u00e7\u00e3o por Ser Exclu\u00eddo Indevidamente da Plataforma. - Marques da Costa Advogados","isPartOf":{"@id":"https:\/\/advogadosmc.com.br\/#website"},"datePublished":"2024-02-11T05:57:13+00:00","dateModified":"2024-02-11T05:57:15+00:00","description":"Motorista exclu\u00eddo da plataforma da Uber \u00e9 indenizado por lucros cessantes durante todo o per\u00edodo que deixou de ganhar a verba das corridas.","breadcrumb":{"@id":"https:\/\/advogadosmc.com.br\/?p=654#breadcrumb"},"inLanguage":"pt-BR","potentialAction":[{"@type":"ReadAction","target":["https:\/\/advogadosmc.com.br\/?p=654"]}]},{"@type":"BreadcrumbList","@id":"https:\/\/advogadosmc.com.br\/?p=654#breadcrumb","itemListElement":[{"@type":"ListItem","position":1,"name":"In\u00edcio","item":"https:\/\/advogadosmc.com.br\/"},{"@type":"ListItem","position":2,"name":"Motorista Uber Recebe Indeniza\u00e7\u00e3o por Ser Exclu\u00eddo Indevidamente da Plataforma."}]},{"@type":"WebSite","@id":"https:\/\/advogadosmc.com.br\/#website","url":"https:\/\/advogadosmc.com.br\/","name":"Marques da Costa Advogados","description":"(41) 99623-3229 | 4042-1448 | atendimento@advogadosmc.com.br","publisher":{"@id":"https:\/\/advogadosmc.com.br\/#\/schema\/person\/fd85bb7cc9e2a96647c1c05c33f00169"},"potentialAction":[{"@type":"SearchAction","target":{"@type":"EntryPoint","urlTemplate":"https:\/\/advogadosmc.com.br\/?s={search_term_string}"},"query-input":{"@type":"PropertyValueSpecification","valueRequired":true,"valueName":"search_term_string"}}],"inLanguage":"pt-BR"},{"@type":["Person","Organization"],"@id":"https:\/\/advogadosmc.com.br\/#\/schema\/person\/fd85bb7cc9e2a96647c1c05c33f00169","name":"mc","image":{"@type":"ImageObject","inLanguage":"pt-BR","@id":"http:\/\/advogadosmc.com.br\/wp-content\/uploads\/2018\/10\/Logo-03-1024x655.png","url":"http:\/\/advogadosmc.com.br\/wp-content\/uploads\/2018\/10\/Logo-03-1024x655.png","contentUrl":"http:\/\/advogadosmc.com.br\/wp-content\/uploads\/2018\/10\/Logo-03-1024x655.png","width":1024,"height":655,"caption":"mc"},"logo":{"@id":"http:\/\/advogadosmc.com.br\/wp-content\/uploads\/2018\/10\/Logo-03-1024x655.png"}}]}},"jetpack_featured_media_url":"","jetpack_sharing_enabled":true,"jetpack_likes_enabled":true,"_links":{"self":[{"href":"https:\/\/advogadosmc.com.br\/index.php?rest_route=\/wp\/v2\/posts\/654","targetHints":{"allow":["GET"]}}],"collection":[{"href":"https:\/\/advogadosmc.com.br\/index.php?rest_route=\/wp\/v2\/posts"}],"about":[{"href":"https:\/\/advogadosmc.com.br\/index.php?rest_route=\/wp\/v2\/types\/post"}],"author":[{"embeddable":true,"href":"https:\/\/advogadosmc.com.br\/index.php?rest_route=\/wp\/v2\/users\/1"}],"replies":[{"embeddable":true,"href":"https:\/\/advogadosmc.com.br\/index.php?rest_route=%2Fwp%2Fv2%2Fcomments&post=654"}],"version-history":[{"count":1,"href":"https:\/\/advogadosmc.com.br\/index.php?rest_route=\/wp\/v2\/posts\/654\/revisions"}],"predecessor-version":[{"id":655,"href":"https:\/\/advogadosmc.com.br\/index.php?rest_route=\/wp\/v2\/posts\/654\/revisions\/655"}],"wp:attachment":[{"href":"https:\/\/advogadosmc.com.br\/index.php?rest_route=%2Fwp%2Fv2%2Fmedia&parent=654"}],"wp:term":[{"taxonomy":"category","embeddable":true,"href":"https:\/\/advogadosmc.com.br\/index.php?rest_route=%2Fwp%2Fv2%2Fcategories&post=654"},{"taxonomy":"post_tag","embeddable":true,"href":"https:\/\/advogadosmc.com.br\/index.php?rest_route=%2Fwp%2Fv2%2Ftags&post=654"}],"curies":[{"name":"wp","href":"https:\/\/api.w.org\/{rel}","templated":true}]}}