{"id":656,"date":"2024-02-11T03:06:47","date_gmt":"2024-02-11T06:06:47","guid":{"rendered":"https:\/\/advogadosmc.com.br\/?p=656"},"modified":"2024-02-11T03:07:13","modified_gmt":"2024-02-11T06:07:13","slug":"motorista-uber-indenizacao-por-rescisao-contratual-discriminacao-sem-aviso","status":"publish","type":"post","link":"https:\/\/advogadosmc.com.br\/?p=656","title":{"rendered":"Motoristas Uber tem Danos Morais Reconhecidos e s\u00e3o Indenizados em Milhares de Reais."},"content":{"rendered":"\n<p>No caso foram demonstrados dois pontos: o primeiro<strong> foi a dispensa arbitr\u00e1ria sem aviso pr\u00e9vio<\/strong> e a segunda <strong>a exclus\u00e3o da plataforma por ato discriminat\u00f3rio<\/strong>. \u00c9 muito comum a quebra de contrato em que <strong>a empresa Uber alega que o motorista n\u00e3o cumpriu com as regras da empresa,<\/strong> sendo que muitas vezes a pr\u00f3prio Uber n\u00e3o informa quais s\u00e3o essas regras que supostamente foram descumpridas. Tamb\u00e9m \u00e9 comum que haja <strong>a exclus\u00e3o por necessidade ou possivelmente existir antecedentes criminais.<\/strong><\/p>\n\n\n\n<!--more-->\n\n\n\n<p><strong>O escrit\u00f3rio de Advocacia Marques da Costa j\u00e1 conseguiu vencer essa decis\u00e3o em favor do motorista<\/strong>\u00a0nos autos do processo n\u00ba 0010890-18.2020.8.16.0182, com base principalmente no que os tribunais vem decidindo::<\/p>\n\n\n\n<p><em>&#8220;Processo n\u00b0 1039291-94.2017.8.26.0001 SENTEN\u00c7A PUBLICADA 29\/06\/2018 Mas a aus\u00eancia de pr\u00e9via notifica\u00e7\u00e3o em caso de rescis\u00e3o contratual (cl\u00e1usula 12.2,fls. 88) constituiu ato il\u00edcito contratual pois, embora ex\u00edguo, o prazo de pr\u00e9via notifica\u00e7\u00e3o permitiria ao autor n\u00e3o apenas tomar conhecimento da iminente perda de sua atividade remunerada como, especialmente, permitiria ao autor tomar provid\u00eancias quanto ao ve\u00edculo e quanto a nova atividade profissional. <\/em><strong><em>A r\u00e9 descumpriu esta cl\u00e1usula 12.2 e descredenciou o autor repentinamente. Logo, teria o autor direito a indeniza\u00e7\u00e3o correspondente aos lucros cessantes que o autor deixou de auferir neste prazo de 7 (sete) dias.<\/em><\/strong><em> Tal pedido, por\u00e9m, n\u00e3o foi formulado nesta a\u00e7\u00e3o. <\/em><strong><em>Al\u00e9m disto, tem o autor direito \u00e0 indeniza\u00e7\u00e3o por danos morais pois a aus\u00eancia de pr\u00e9via notifica\u00e7\u00e3o impediu o autor de tomar conhecimento de que a r\u00e9 iria cancelar o contrato, tendo o autor sido surpreendido quando iniciaria o dia de trabalho como motorista. \u00c9 evidente que a conduta repentina da r\u00e9 causou desconforto e transtorno para o autor, o qual viu-se privado de sua atividade remunerat\u00f3ria sem qualquer prazo para preparar-se. O pedido de indeniza\u00e7\u00e3o por danos morais de R$ 10.000,00 \u00e9 razo\u00e1vel e deve ser aqui integralmente acolhido.<\/em><\/strong><em> Trata-se de uma indeniza\u00e7\u00e3o proporcional \u00e0 capacidade financeira da r\u00e9 e ao il\u00edcito contratual constatado (descumprimento da cl\u00e1usula 12.2 pela r\u00e9).&#8221;<\/em><\/p>\n\n\n\n<p><em>APELA\u00c7\u00c3O C\u00cdVEL \u2013 A\u00c7\u00c3O DE OBRIGA\u00c7\u00c3O DE FAZER C\/C PEDIDO DE INDENIZA\u00c7\u00c3O POR DANOS MATERIAIS E MORAIS C\/C TUTELA DE URG\u00caNCIA \u2013 SENTEN\u00c7A DE PROCED\u00caNCIA \u2013 INSURG\u00caNCIA DA DEMANDADA \u2013 <\/em><strong><em>MOTORISTA DO APLICATIVO UBER \u2013 BLOQUEIO E DESCREDENCIAMENTO DA PLATAFORMA, SOB O ARGUMENTO DE EXIST\u00caNCIA DE ANTECEDENTE CRIMINAL <\/em><\/strong><em>\u2013 INQU\u00c9RITO POLICIAL N\u00ba 0025595-67.2017.8.19.0206\/TJRJ QUE AL\u00c9M DE N\u00c3O REPRESENTAR INIDONEIDADE DO SEU TITULAR, FOI ARQUIVADO COM FULCRO NO ART. 375, II, DO CPP \u2013 <\/em><strong><em>AUTOR QUE, PORTANTO, N\u00c3O POSSUI ANTECEDENTES CRIMINAIS \u2013 AUS\u00caNCIA DE VIOLA\u00c7\u00c3O DOS TERMOS E CONDI\u00c7\u00d5ES DA R\u00c9 \u2013 DESATIVA\u00c7\u00c3O INDEVIDA \u2013 NECESSIDADE DE REESTABELECIMENTO DA CONTA DO REQUERENTE \u2013 DANO MORAL CONFIGURADO \u2013 QUANTUM QUE APESAR DE N\u00c3O SE REVELAR ULTRA PETITA, DEVE SER MINORADO PARA R$ 5.000,00<\/em><\/strong><em>, TENDO EM VISTA O CASO CONCRETO, OS PRINC\u00cdPIOS DA RAZOABILIDADE E PROPORCIONALIDADE E, AINDA, CONSIDERANDO OS RECENTES PRECEDENTES DESTE E. TRIBUNAL DE JUSTI\u00c7A \u2013 LUCROS CESSANTES COMPROVADOS E MANTIDOS PELO PER\u00cdODO EM QUE O AUTOR FOI DESCREDENCIADO INDEVIDAMENTE DA PLATAFORMA \u2013 SENTEN\u00c7A PARCIALMENTE REFORMADA \u2013 RECURSO DE APELA\u00c7\u00c3O CONHECIDO E PARCIALMENTE PROVIDO. (<\/em><strong><em>TJPR<\/em><\/strong><em> &#8211; 5\u00aa C. C\u00edvel &#8211; 0025059-05.2019.8.16.0001 &#8211; Curitiba &#8211; Rel.: DESEMBARGADOR RENATO BRAGA BETTEGA &#8211; J. 23.05.<\/em><strong><em>2022<\/em><\/strong><em>) &#8211; (TJ-PR &#8211; APL: 00250590520198160001 Curitiba 0025059-05.2019.8.16.0001 (Ac\u00f3rd\u00e3o), Relator: Renato Braga Bettega, Data de Julgamento: 23\/05\/2022, 5\u00aa C\u00e2mara C\u00edvel, Data de Publica\u00e7\u00e3o: 24\/05\/2022)<\/em><\/p>\n\n\n\n<p>Para mais informa\u00e7\u00f5es e orienta\u00e7\u00f5es sobre a\u00e7\u00f5es indenizat\u00f3rias como essa, entre em contato conosco. Estamos aqui para lutar pelos seus direitos e garantir justi\u00e7a a seu favor.<\/p>\n\n\n\n<hr class=\"wp-block-separator has-alpha-channel-opacity\"\/>\n\n\n\n<p>Marques da Costa \u2013 Advocacia e Consultoria Jur\u00eddica<br>Sociedade Ind. de Advocacia n\u00ba 14.373 OAB\/PR<br>CNPJ n\u00ba 47.937.138\/0001-85<br>Advogado Respons\u00e1vel Dr. Vitor Bruno Marques da Costa n\u00ba 94.762 OAB\/PR<br><strong>(41) 99623-3229 | 4042-1448 |\u00a0<\/strong><em>atendimento@advogadosmc.com.br<\/em><\/p>\n","protected":false},"excerpt":{"rendered":"<p>No caso foram demonstrados dois pontos: o primeiro foi a dispensa arbitr\u00e1ria sem aviso pr\u00e9vio e a segunda a exclus\u00e3o da plataforma por ato discriminat\u00f3rio. \u00c9 muito comum a quebra de contrato em que a empresa Uber alega que o motorista n\u00e3o cumpriu com as regras da empresa, sendo que muitas vezes a pr\u00f3prio Uber<\/p><\/div>\n<div class=\"blog-btn\"><a href=\"https:\/\/advogadosmc.com.br\/?p=656\" class=\"home-blog-btn\">Ler mais<\/a><\/p>\n","protected":false},"author":1,"featured_media":0,"comment_status":"closed","ping_status":"open","sticky":false,"template":"","format":"standard","meta":{"ngg_post_thumbnail":0,"_jetpack_memberships_contains_paid_content":false,"footnotes":""},"categories":[35,16],"tags":[83,82,78,81,85],"class_list":["post-656","post","type-post","status-publish","format-standard","hentry","category-indenizatoria","category-responsabilidade-civil","tag-antecedente-criminal","tag-descredenciamento","tag-exclusao","tag-rescisao-contratual","tag-sem-aviso"],"yoast_head":"<!-- This site is optimized with the Yoast SEO plugin v27.4 - https:\/\/yoast.com\/product\/yoast-seo-wordpress\/ -->\n<title>Motoristas Uber tem Danos Morais Reconhecidos e s\u00e3o Indenizados em Milhares de Reais. - Marques da Costa Advogados<\/title>\n<meta name=\"description\" content=\"Uber \u00e9 condenada em danos morais a favor do motorista por excluir e rescindir o contrato indevidamente e sem aviso.\" \/>\n<meta name=\"robots\" content=\"index, follow, max-snippet:-1, max-image-preview:large, max-video-preview:-1\" \/>\n<link rel=\"canonical\" href=\"https:\/\/advogadosmc.com.br\/?p=656\" \/>\n<meta property=\"og:locale\" content=\"pt_BR\" \/>\n<meta property=\"og:type\" content=\"article\" \/>\n<meta property=\"og:title\" content=\"Motoristas Uber tem Danos Morais Reconhecidos e s\u00e3o Indenizados em Milhares de Reais. - Marques da Costa Advogados\" \/>\n<meta property=\"og:description\" content=\"Uber \u00e9 condenada em danos morais a favor do motorista por excluir e rescindir o contrato indevidamente e sem aviso.\" \/>\n<meta property=\"og:url\" content=\"https:\/\/advogadosmc.com.br\/?p=656\" \/>\n<meta property=\"og:site_name\" content=\"Marques da Costa Advogados\" \/>\n<meta property=\"article:published_time\" content=\"2024-02-11T06:06:47+00:00\" \/>\n<meta property=\"article:modified_time\" content=\"2024-02-11T06:07:13+00:00\" \/>\n<meta name=\"author\" content=\"mc\" \/>\n<meta name=\"twitter:card\" content=\"summary_large_image\" \/>\n<meta name=\"twitter:label1\" content=\"Escrito por\" \/>\n\t<meta name=\"twitter:data1\" content=\"mc\" \/>\n\t<meta name=\"twitter:label2\" content=\"Est. tempo de leitura\" \/>\n\t<meta name=\"twitter:data2\" content=\"4 minutos\" \/>\n<script type=\"application\/ld+json\" class=\"yoast-schema-graph\">{\"@context\":\"https:\\\/\\\/schema.org\",\"@graph\":[{\"@type\":\"Article\",\"@id\":\"https:\\\/\\\/advogadosmc.com.br\\\/?p=656#article\",\"isPartOf\":{\"@id\":\"https:\\\/\\\/advogadosmc.com.br\\\/?p=656\"},\"author\":{\"name\":\"mc\",\"@id\":\"https:\\\/\\\/advogadosmc.com.br\\\/#\\\/schema\\\/person\\\/fd85bb7cc9e2a96647c1c05c33f00169\"},\"headline\":\"Motoristas Uber tem Danos Morais Reconhecidos e s\u00e3o Indenizados em Milhares de Reais.\",\"datePublished\":\"2024-02-11T06:06:47+00:00\",\"dateModified\":\"2024-02-11T06:07:13+00:00\",\"mainEntityOfPage\":{\"@id\":\"https:\\\/\\\/advogadosmc.com.br\\\/?p=656\"},\"wordCount\":658,\"publisher\":{\"@id\":\"https:\\\/\\\/advogadosmc.com.br\\\/#\\\/schema\\\/person\\\/fd85bb7cc9e2a96647c1c05c33f00169\"},\"keywords\":[\"antecedente criminal\",\"descredenciamento\",\"exclus\u00e3o\",\"rescis\u00e3o contratual\",\"sem aviso\"],\"articleSection\":[\"Indenizatoria\",\"Responsabilidade Civil\"],\"inLanguage\":\"pt-BR\"},{\"@type\":\"WebPage\",\"@id\":\"https:\\\/\\\/advogadosmc.com.br\\\/?p=656\",\"url\":\"https:\\\/\\\/advogadosmc.com.br\\\/?p=656\",\"name\":\"Motoristas Uber tem Danos Morais Reconhecidos e s\u00e3o Indenizados em Milhares de Reais. - Marques da Costa Advogados\",\"isPartOf\":{\"@id\":\"https:\\\/\\\/advogadosmc.com.br\\\/#website\"},\"datePublished\":\"2024-02-11T06:06:47+00:00\",\"dateModified\":\"2024-02-11T06:07:13+00:00\",\"description\":\"Uber \u00e9 condenada em danos morais a favor do motorista por excluir e rescindir o contrato indevidamente e sem aviso.\",\"breadcrumb\":{\"@id\":\"https:\\\/\\\/advogadosmc.com.br\\\/?p=656#breadcrumb\"},\"inLanguage\":\"pt-BR\",\"potentialAction\":[{\"@type\":\"ReadAction\",\"target\":[\"https:\\\/\\\/advogadosmc.com.br\\\/?p=656\"]}]},{\"@type\":\"BreadcrumbList\",\"@id\":\"https:\\\/\\\/advogadosmc.com.br\\\/?p=656#breadcrumb\",\"itemListElement\":[{\"@type\":\"ListItem\",\"position\":1,\"name\":\"In\u00edcio\",\"item\":\"https:\\\/\\\/advogadosmc.com.br\\\/\"},{\"@type\":\"ListItem\",\"position\":2,\"name\":\"Motoristas Uber tem Danos Morais Reconhecidos e s\u00e3o Indenizados em Milhares de Reais.\"}]},{\"@type\":\"WebSite\",\"@id\":\"https:\\\/\\\/advogadosmc.com.br\\\/#website\",\"url\":\"https:\\\/\\\/advogadosmc.com.br\\\/\",\"name\":\"Marques da Costa Advogados\",\"description\":\"(41) 99623-3229 | 4042-1448 | atendimento@advogadosmc.com.br\",\"publisher\":{\"@id\":\"https:\\\/\\\/advogadosmc.com.br\\\/#\\\/schema\\\/person\\\/fd85bb7cc9e2a96647c1c05c33f00169\"},\"potentialAction\":[{\"@type\":\"SearchAction\",\"target\":{\"@type\":\"EntryPoint\",\"urlTemplate\":\"https:\\\/\\\/advogadosmc.com.br\\\/?s={search_term_string}\"},\"query-input\":{\"@type\":\"PropertyValueSpecification\",\"valueRequired\":true,\"valueName\":\"search_term_string\"}}],\"inLanguage\":\"pt-BR\"},{\"@type\":[\"Person\",\"Organization\"],\"@id\":\"https:\\\/\\\/advogadosmc.com.br\\\/#\\\/schema\\\/person\\\/fd85bb7cc9e2a96647c1c05c33f00169\",\"name\":\"mc\",\"image\":{\"@type\":\"ImageObject\",\"inLanguage\":\"pt-BR\",\"@id\":\"http:\\\/\\\/advogadosmc.com.br\\\/wp-content\\\/uploads\\\/2018\\\/10\\\/Logo-03-1024x655.png\",\"url\":\"http:\\\/\\\/advogadosmc.com.br\\\/wp-content\\\/uploads\\\/2018\\\/10\\\/Logo-03-1024x655.png\",\"contentUrl\":\"http:\\\/\\\/advogadosmc.com.br\\\/wp-content\\\/uploads\\\/2018\\\/10\\\/Logo-03-1024x655.png\",\"width\":1024,\"height\":655,\"caption\":\"mc\"},\"logo\":{\"@id\":\"http:\\\/\\\/advogadosmc.com.br\\\/wp-content\\\/uploads\\\/2018\\\/10\\\/Logo-03-1024x655.png\"}}]}<\/script>\n<!-- \/ Yoast SEO plugin. -->","yoast_head_json":{"title":"Motoristas Uber tem Danos Morais Reconhecidos e s\u00e3o Indenizados em Milhares de Reais. - Marques da Costa Advogados","description":"Uber \u00e9 condenada em danos morais a favor do motorista por excluir e rescindir o contrato indevidamente e sem aviso.","robots":{"index":"index","follow":"follow","max-snippet":"max-snippet:-1","max-image-preview":"max-image-preview:large","max-video-preview":"max-video-preview:-1"},"canonical":"https:\/\/advogadosmc.com.br\/?p=656","og_locale":"pt_BR","og_type":"article","og_title":"Motoristas Uber tem Danos Morais Reconhecidos e s\u00e3o Indenizados em Milhares de Reais. - Marques da Costa Advogados","og_description":"Uber \u00e9 condenada em danos morais a favor do motorista por excluir e rescindir o contrato indevidamente e sem aviso.","og_url":"https:\/\/advogadosmc.com.br\/?p=656","og_site_name":"Marques da Costa Advogados","article_published_time":"2024-02-11T06:06:47+00:00","article_modified_time":"2024-02-11T06:07:13+00:00","author":"mc","twitter_card":"summary_large_image","twitter_misc":{"Escrito por":"mc","Est. tempo de leitura":"4 minutos"},"schema":{"@context":"https:\/\/schema.org","@graph":[{"@type":"Article","@id":"https:\/\/advogadosmc.com.br\/?p=656#article","isPartOf":{"@id":"https:\/\/advogadosmc.com.br\/?p=656"},"author":{"name":"mc","@id":"https:\/\/advogadosmc.com.br\/#\/schema\/person\/fd85bb7cc9e2a96647c1c05c33f00169"},"headline":"Motoristas Uber tem Danos Morais Reconhecidos e s\u00e3o Indenizados em Milhares de Reais.","datePublished":"2024-02-11T06:06:47+00:00","dateModified":"2024-02-11T06:07:13+00:00","mainEntityOfPage":{"@id":"https:\/\/advogadosmc.com.br\/?p=656"},"wordCount":658,"publisher":{"@id":"https:\/\/advogadosmc.com.br\/#\/schema\/person\/fd85bb7cc9e2a96647c1c05c33f00169"},"keywords":["antecedente criminal","descredenciamento","exclus\u00e3o","rescis\u00e3o contratual","sem aviso"],"articleSection":["Indenizatoria","Responsabilidade Civil"],"inLanguage":"pt-BR"},{"@type":"WebPage","@id":"https:\/\/advogadosmc.com.br\/?p=656","url":"https:\/\/advogadosmc.com.br\/?p=656","name":"Motoristas Uber tem Danos Morais Reconhecidos e s\u00e3o Indenizados em Milhares de Reais. - Marques da Costa Advogados","isPartOf":{"@id":"https:\/\/advogadosmc.com.br\/#website"},"datePublished":"2024-02-11T06:06:47+00:00","dateModified":"2024-02-11T06:07:13+00:00","description":"Uber \u00e9 condenada em danos morais a favor do motorista por excluir e rescindir o contrato indevidamente e sem aviso.","breadcrumb":{"@id":"https:\/\/advogadosmc.com.br\/?p=656#breadcrumb"},"inLanguage":"pt-BR","potentialAction":[{"@type":"ReadAction","target":["https:\/\/advogadosmc.com.br\/?p=656"]}]},{"@type":"BreadcrumbList","@id":"https:\/\/advogadosmc.com.br\/?p=656#breadcrumb","itemListElement":[{"@type":"ListItem","position":1,"name":"In\u00edcio","item":"https:\/\/advogadosmc.com.br\/"},{"@type":"ListItem","position":2,"name":"Motoristas Uber tem Danos Morais Reconhecidos e s\u00e3o Indenizados em Milhares de Reais."}]},{"@type":"WebSite","@id":"https:\/\/advogadosmc.com.br\/#website","url":"https:\/\/advogadosmc.com.br\/","name":"Marques da Costa Advogados","description":"(41) 99623-3229 | 4042-1448 | atendimento@advogadosmc.com.br","publisher":{"@id":"https:\/\/advogadosmc.com.br\/#\/schema\/person\/fd85bb7cc9e2a96647c1c05c33f00169"},"potentialAction":[{"@type":"SearchAction","target":{"@type":"EntryPoint","urlTemplate":"https:\/\/advogadosmc.com.br\/?s={search_term_string}"},"query-input":{"@type":"PropertyValueSpecification","valueRequired":true,"valueName":"search_term_string"}}],"inLanguage":"pt-BR"},{"@type":["Person","Organization"],"@id":"https:\/\/advogadosmc.com.br\/#\/schema\/person\/fd85bb7cc9e2a96647c1c05c33f00169","name":"mc","image":{"@type":"ImageObject","inLanguage":"pt-BR","@id":"http:\/\/advogadosmc.com.br\/wp-content\/uploads\/2018\/10\/Logo-03-1024x655.png","url":"http:\/\/advogadosmc.com.br\/wp-content\/uploads\/2018\/10\/Logo-03-1024x655.png","contentUrl":"http:\/\/advogadosmc.com.br\/wp-content\/uploads\/2018\/10\/Logo-03-1024x655.png","width":1024,"height":655,"caption":"mc"},"logo":{"@id":"http:\/\/advogadosmc.com.br\/wp-content\/uploads\/2018\/10\/Logo-03-1024x655.png"}}]}},"jetpack_featured_media_url":"","jetpack_sharing_enabled":true,"jetpack_likes_enabled":true,"_links":{"self":[{"href":"https:\/\/advogadosmc.com.br\/index.php?rest_route=\/wp\/v2\/posts\/656","targetHints":{"allow":["GET"]}}],"collection":[{"href":"https:\/\/advogadosmc.com.br\/index.php?rest_route=\/wp\/v2\/posts"}],"about":[{"href":"https:\/\/advogadosmc.com.br\/index.php?rest_route=\/wp\/v2\/types\/post"}],"author":[{"embeddable":true,"href":"https:\/\/advogadosmc.com.br\/index.php?rest_route=\/wp\/v2\/users\/1"}],"replies":[{"embeddable":true,"href":"https:\/\/advogadosmc.com.br\/index.php?rest_route=%2Fwp%2Fv2%2Fcomments&post=656"}],"version-history":[{"count":1,"href":"https:\/\/advogadosmc.com.br\/index.php?rest_route=\/wp\/v2\/posts\/656\/revisions"}],"predecessor-version":[{"id":657,"href":"https:\/\/advogadosmc.com.br\/index.php?rest_route=\/wp\/v2\/posts\/656\/revisions\/657"}],"wp:attachment":[{"href":"https:\/\/advogadosmc.com.br\/index.php?rest_route=%2Fwp%2Fv2%2Fmedia&parent=656"}],"wp:term":[{"taxonomy":"category","embeddable":true,"href":"https:\/\/advogadosmc.com.br\/index.php?rest_route=%2Fwp%2Fv2%2Fcategories&post=656"},{"taxonomy":"post_tag","embeddable":true,"href":"https:\/\/advogadosmc.com.br\/index.php?rest_route=%2Fwp%2Fv2%2Ftags&post=656"}],"curies":[{"name":"wp","href":"https:\/\/api.w.org\/{rel}","templated":true}]}}