{"id":658,"date":"2024-02-11T03:39:55","date_gmt":"2024-02-11T06:39:55","guid":{"rendered":"https:\/\/advogadosmc.com.br\/?p=658"},"modified":"2024-02-11T03:48:12","modified_gmt":"2024-02-11T06:48:12","slug":"danos-morais-materiais-indenizacao-estacionamento-empresa-consumidor-cliente","status":"publish","type":"post","link":"https:\/\/advogadosmc.com.br\/?p=658","title":{"rendered":"Empresa com Estacionamento Gr\u00e1tis \u00e9 Condenada  em Danos Morais e Materiais no Caso de Roubo ou Furto em Ve\u00edculo de Clientes."},"content":{"rendered":"\n<p>Em que pese o estacionamento seja cortesia ofertada aos clientes, tem-se que mesmo em car\u00e1ter gratuito caracteriza diferencial para os estabelecimentos, atraindo mais clientes e passando a (falsa) sensa\u00e7\u00e3o de seguran\u00e7a, especialmente quando h\u00e1 presen\u00e7a vis\u00edvel de c\u00e2meras de seguran\u00e7a ou at\u00e9 de vigias e seguran\u00e7a no local, impondo-se o dever de guarda e vigil\u00e2ncia e, consequentemente, o dever de indenizar em caso de preju\u00edzo ao consumidor.<\/p>\n\n\n\n<!--more-->\n\n\n\n<p><br>Assim, uma vez concretizado dano ao cliente, atrai-se a incid\u00eancia da S\u00famula n\u00ba 130, do Superior Tribunal de Justi\u00e7a e do Enunciado n\u00ba 3.1, da 3\u00aa Turma Recursal do Paran\u00e1. Vejamos:<\/p>\n\n\n\n<p><em>S\u00famula n\u00ba 130- Repara\u00e7\u00e3o de Dano ou Furto de Ve\u00edculo &#8211; Estacionamento \u2013 Responsabilidade:<strong> A empresa responde, perante o cliente, pela repara\u00e7\u00e3o de dano ou furto de ve\u00edculo ocorridos em seu estacionamento.<\/strong><\/em><\/p>\n\n\n\n<p><em>Enunciado n\u00b0 3.1 \u2013 Furto de ve\u00edculo \u2013 institui\u00e7\u00e3o de ensino \/estabelecimento comercial: Havendo estacionamento na institui\u00e7\u00e3o de ensino ou no estabelecimento comercial,<strong> evidente o dever de vigil\u00e2ncia e cust\u00f3dia sobre os autom\u00f3veis, sendo tais entes respons\u00e1veis pelos danos (morais e materiais) causados.<\/strong><\/em><\/p>\n\n\n\n<p>Em rela\u00e7\u00e3o ao dano material, v\u00ea-se se pode comprovar por meio de Boletim de Ocorr\u00eancia e at\u00e9 por or\u00e7amentos do dano ocasionado, at\u00e9 notas fiscais por exemplo, mas h\u00e1 diversas outras formas de comprova\u00e7\u00e3o do dano. Quanto ao dano extrapatrimonial, notadamente, o fato supera o mero dissabor do cotidiano, apto a impingir \u00e0 parte abalo indeniz\u00e1vel. Al\u00e9m das devidas condena\u00e7\u00f5es por danos morais e patrimoniais, os valores devem ser atualizados por juros remunerat\u00f3rios e corre\u00e7\u00e3o monet\u00e1ria.<\/p>\n\n\n\n<p>Vejamos ementa de decis\u00e3o judicial em que <strong>o escrit\u00f3rio Marques da Costa patrocinou a causa em favor do consumidor, cliente lesado que conseguiu tais indeniza\u00e7\u00f5es<\/strong> nos autos do processo n\u00ba 0000754-56.2021.8.16.0204.<\/p>\n\n\n\n<p><em>EMENTA: RECURSO INOMINADO. <strong>A\u00c7\u00c3O DE INDENIZA\u00c7\u00c3O POR DANOS MATERIAIS E MORAIS. FURTO DE BOLSA DE INTERIOR DE VE\u00cdCULO. <\/strong>ESTACIONAMENTO COMPARTILHADO ENTRE ESTABELECIMENTOS COMERCIAIS. <strong>DEVER DE VIGIL\u00c2NCIA E CUST\u00d3DIA EXCLUSIVA DO FORNECEDOR.<\/strong> RESPONSABILIDADE DE TERCEIRO AFASTADA. INCID\u00caNCIA DA S\u00daMULA N\u00ba 130 DO STJ E DO ENUNCIADO N\u00ba 3.1 DA 3\u00aa TR\/PR. <strong>DANO MATERIAL COMPROVADO. DANO MORAL CARACTERIZADO. \u201cQUANTUM\u201d FIXADO EM R$2.000,00. <\/strong>LITIG\u00c2NCIA DE M\u00c1-F\u00c9 N\u00c3O CARACTERIZADA. SENTEN\u00c7A PARCIALMENTE REFORMADA. Recurso conhecido e parcialmente provido.<\/em><\/p>\n\n\n\n<p>Para mais informa\u00e7\u00f5es e orienta\u00e7\u00f5es sobre a\u00e7\u00f5es indenizat\u00f3rias como essa, entre em contato conosco. Estamos aqui para lutar pelos seus direitos e garantir justi\u00e7a a seu favor.<\/p>\n\n\n\n<hr class=\"wp-block-separator has-alpha-channel-opacity\"\/>\n\n\n\n<p>Marques da Costa \u2013 Advocacia e Consultoria Jur\u00eddica<br>Sociedade Ind. de Advocacia n\u00ba 14.373 OAB\/PR<br>CNPJ n\u00ba 47.937.138\/0001-85<br>Advogado Respons\u00e1vel Dr. Vitor Bruno Marques da Costa n\u00ba 94.762 OAB\/PR<br><strong>(41) 99623-3229 | 4042-1448 | <\/strong><em>atendimento@advogadosmc.com.br<\/em><\/p>\n","protected":false},"excerpt":{"rendered":"<p>Em que pese o estacionamento seja cortesia ofertada aos clientes, tem-se que mesmo em car\u00e1ter gratuito caracteriza diferencial para os estabelecimentos, atraindo mais clientes e passando a (falsa) sensa\u00e7\u00e3o de seguran\u00e7a, especialmente quando h\u00e1 presen\u00e7a vis\u00edvel de c\u00e2meras de seguran\u00e7a ou at\u00e9 de vigias e seguran\u00e7a no local, impondo-se o dever de guarda e vigil\u00e2ncia<\/p><\/div>\n<div class=\"blog-btn\"><a href=\"https:\/\/advogadosmc.com.br\/?p=658\" class=\"home-blog-btn\">Ler mais<\/a><\/p>\n","protected":false},"author":1,"featured_media":0,"comment_status":"closed","ping_status":"open","sticky":false,"template":"","format":"standard","meta":{"ngg_post_thumbnail":0,"_jetpack_memberships_contains_paid_content":false,"footnotes":""},"categories":[35,16],"tags":[90,48,86,88,89,91],"class_list":["post-658","post","type-post","status-publish","format-standard","hentry","category-indenizatoria","category-responsabilidade-civil","tag-dano","tag-direito-do-consumidor","tag-estacionamento","tag-furto","tag-roubo","tag-veiculo"],"yoast_head":"<!-- This site is optimized with the Yoast SEO plugin v27.4 - https:\/\/yoast.com\/product\/yoast-seo-wordpress\/ -->\n<title>Empresa com Estacionamento Gr\u00e1tis \u00e9 Condenada em Danos Morais e Materiais no Caso de Roubo ou Furto em Ve\u00edculo de Clientes. - Marques da Costa Advogados<\/title>\n<meta name=\"description\" content=\"Empresa com Estacionamento Gr\u00e1tis \u00e9 Condenada em Danos Morais e Materiais no Caso de Roubo ou Furto em Ve\u00edculo de Clientes.\" \/>\n<meta name=\"robots\" content=\"index, follow, max-snippet:-1, max-image-preview:large, max-video-preview:-1\" \/>\n<link rel=\"canonical\" href=\"https:\/\/advogadosmc.com.br\/?p=658\" \/>\n<meta property=\"og:locale\" content=\"pt_BR\" \/>\n<meta property=\"og:type\" content=\"article\" \/>\n<meta property=\"og:title\" content=\"Empresa com Estacionamento Gr\u00e1tis \u00e9 Condenada em Danos Morais e Materiais no Caso de Roubo ou Furto em Ve\u00edculo de Clientes. - Marques da Costa Advogados\" \/>\n<meta property=\"og:description\" content=\"Empresa com Estacionamento Gr\u00e1tis \u00e9 Condenada em Danos Morais e Materiais no Caso de Roubo ou Furto em Ve\u00edculo de Clientes.\" \/>\n<meta property=\"og:url\" content=\"https:\/\/advogadosmc.com.br\/?p=658\" \/>\n<meta property=\"og:site_name\" content=\"Marques da Costa Advogados\" \/>\n<meta property=\"article:published_time\" content=\"2024-02-11T06:39:55+00:00\" \/>\n<meta property=\"article:modified_time\" content=\"2024-02-11T06:48:12+00:00\" \/>\n<meta name=\"author\" content=\"mc\" \/>\n<meta name=\"twitter:card\" content=\"summary_large_image\" \/>\n<meta name=\"twitter:label1\" content=\"Escrito por\" \/>\n\t<meta name=\"twitter:data1\" content=\"mc\" \/>\n\t<meta name=\"twitter:label2\" content=\"Est. tempo de leitura\" \/>\n\t<meta name=\"twitter:data2\" content=\"3 minutos\" \/>\n<script type=\"application\/ld+json\" class=\"yoast-schema-graph\">{\"@context\":\"https:\\\/\\\/schema.org\",\"@graph\":[{\"@type\":\"Article\",\"@id\":\"https:\\\/\\\/advogadosmc.com.br\\\/?p=658#article\",\"isPartOf\":{\"@id\":\"https:\\\/\\\/advogadosmc.com.br\\\/?p=658\"},\"author\":{\"name\":\"mc\",\"@id\":\"https:\\\/\\\/advogadosmc.com.br\\\/#\\\/schema\\\/person\\\/fd85bb7cc9e2a96647c1c05c33f00169\"},\"headline\":\"Empresa com Estacionamento Gr\u00e1tis \u00e9 Condenada em Danos Morais e Materiais no Caso de Roubo ou Furto em Ve\u00edculo de Clientes.\",\"datePublished\":\"2024-02-11T06:39:55+00:00\",\"dateModified\":\"2024-02-11T06:48:12+00:00\",\"mainEntityOfPage\":{\"@id\":\"https:\\\/\\\/advogadosmc.com.br\\\/?p=658\"},\"wordCount\":481,\"publisher\":{\"@id\":\"https:\\\/\\\/advogadosmc.com.br\\\/#\\\/schema\\\/person\\\/fd85bb7cc9e2a96647c1c05c33f00169\"},\"keywords\":[\"dano\",\"direito do consumidor\",\"estacionamento\",\"furto\",\"roubo\",\"ve\u00edculo\"],\"articleSection\":[\"Indenizatoria\",\"Responsabilidade Civil\"],\"inLanguage\":\"pt-BR\"},{\"@type\":\"WebPage\",\"@id\":\"https:\\\/\\\/advogadosmc.com.br\\\/?p=658\",\"url\":\"https:\\\/\\\/advogadosmc.com.br\\\/?p=658\",\"name\":\"Empresa com Estacionamento Gr\u00e1tis \u00e9 Condenada em Danos Morais e Materiais no Caso de Roubo ou Furto em Ve\u00edculo de Clientes. - Marques da Costa Advogados\",\"isPartOf\":{\"@id\":\"https:\\\/\\\/advogadosmc.com.br\\\/#website\"},\"datePublished\":\"2024-02-11T06:39:55+00:00\",\"dateModified\":\"2024-02-11T06:48:12+00:00\",\"description\":\"Empresa com Estacionamento Gr\u00e1tis \u00e9 Condenada em Danos Morais e Materiais no Caso de Roubo ou Furto em Ve\u00edculo de Clientes.\",\"breadcrumb\":{\"@id\":\"https:\\\/\\\/advogadosmc.com.br\\\/?p=658#breadcrumb\"},\"inLanguage\":\"pt-BR\",\"potentialAction\":[{\"@type\":\"ReadAction\",\"target\":[\"https:\\\/\\\/advogadosmc.com.br\\\/?p=658\"]}]},{\"@type\":\"BreadcrumbList\",\"@id\":\"https:\\\/\\\/advogadosmc.com.br\\\/?p=658#breadcrumb\",\"itemListElement\":[{\"@type\":\"ListItem\",\"position\":1,\"name\":\"In\u00edcio\",\"item\":\"https:\\\/\\\/advogadosmc.com.br\\\/\"},{\"@type\":\"ListItem\",\"position\":2,\"name\":\"Empresa com Estacionamento Gr\u00e1tis \u00e9 Condenada em Danos Morais e Materiais no Caso de Roubo ou Furto em Ve\u00edculo de Clientes.\"}]},{\"@type\":\"WebSite\",\"@id\":\"https:\\\/\\\/advogadosmc.com.br\\\/#website\",\"url\":\"https:\\\/\\\/advogadosmc.com.br\\\/\",\"name\":\"Marques da Costa Advogados\",\"description\":\"(41) 99623-3229 | 4042-1448 | atendimento@advogadosmc.com.br\",\"publisher\":{\"@id\":\"https:\\\/\\\/advogadosmc.com.br\\\/#\\\/schema\\\/person\\\/fd85bb7cc9e2a96647c1c05c33f00169\"},\"potentialAction\":[{\"@type\":\"SearchAction\",\"target\":{\"@type\":\"EntryPoint\",\"urlTemplate\":\"https:\\\/\\\/advogadosmc.com.br\\\/?s={search_term_string}\"},\"query-input\":{\"@type\":\"PropertyValueSpecification\",\"valueRequired\":true,\"valueName\":\"search_term_string\"}}],\"inLanguage\":\"pt-BR\"},{\"@type\":[\"Person\",\"Organization\"],\"@id\":\"https:\\\/\\\/advogadosmc.com.br\\\/#\\\/schema\\\/person\\\/fd85bb7cc9e2a96647c1c05c33f00169\",\"name\":\"mc\",\"image\":{\"@type\":\"ImageObject\",\"inLanguage\":\"pt-BR\",\"@id\":\"http:\\\/\\\/advogadosmc.com.br\\\/wp-content\\\/uploads\\\/2018\\\/10\\\/Logo-03-1024x655.png\",\"url\":\"http:\\\/\\\/advogadosmc.com.br\\\/wp-content\\\/uploads\\\/2018\\\/10\\\/Logo-03-1024x655.png\",\"contentUrl\":\"http:\\\/\\\/advogadosmc.com.br\\\/wp-content\\\/uploads\\\/2018\\\/10\\\/Logo-03-1024x655.png\",\"width\":1024,\"height\":655,\"caption\":\"mc\"},\"logo\":{\"@id\":\"http:\\\/\\\/advogadosmc.com.br\\\/wp-content\\\/uploads\\\/2018\\\/10\\\/Logo-03-1024x655.png\"}}]}<\/script>\n<!-- \/ Yoast SEO plugin. -->","yoast_head_json":{"title":"Empresa com Estacionamento Gr\u00e1tis \u00e9 Condenada em Danos Morais e Materiais no Caso de Roubo ou Furto em Ve\u00edculo de Clientes. - Marques da Costa Advogados","description":"Empresa com Estacionamento Gr\u00e1tis \u00e9 Condenada em Danos Morais e Materiais no Caso de Roubo ou Furto em Ve\u00edculo de Clientes.","robots":{"index":"index","follow":"follow","max-snippet":"max-snippet:-1","max-image-preview":"max-image-preview:large","max-video-preview":"max-video-preview:-1"},"canonical":"https:\/\/advogadosmc.com.br\/?p=658","og_locale":"pt_BR","og_type":"article","og_title":"Empresa com Estacionamento Gr\u00e1tis \u00e9 Condenada em Danos Morais e Materiais no Caso de Roubo ou Furto em Ve\u00edculo de Clientes. - Marques da Costa Advogados","og_description":"Empresa com Estacionamento Gr\u00e1tis \u00e9 Condenada em Danos Morais e Materiais no Caso de Roubo ou Furto em Ve\u00edculo de Clientes.","og_url":"https:\/\/advogadosmc.com.br\/?p=658","og_site_name":"Marques da Costa Advogados","article_published_time":"2024-02-11T06:39:55+00:00","article_modified_time":"2024-02-11T06:48:12+00:00","author":"mc","twitter_card":"summary_large_image","twitter_misc":{"Escrito por":"mc","Est. tempo de leitura":"3 minutos"},"schema":{"@context":"https:\/\/schema.org","@graph":[{"@type":"Article","@id":"https:\/\/advogadosmc.com.br\/?p=658#article","isPartOf":{"@id":"https:\/\/advogadosmc.com.br\/?p=658"},"author":{"name":"mc","@id":"https:\/\/advogadosmc.com.br\/#\/schema\/person\/fd85bb7cc9e2a96647c1c05c33f00169"},"headline":"Empresa com Estacionamento Gr\u00e1tis \u00e9 Condenada em Danos Morais e Materiais no Caso de Roubo ou Furto em Ve\u00edculo de Clientes.","datePublished":"2024-02-11T06:39:55+00:00","dateModified":"2024-02-11T06:48:12+00:00","mainEntityOfPage":{"@id":"https:\/\/advogadosmc.com.br\/?p=658"},"wordCount":481,"publisher":{"@id":"https:\/\/advogadosmc.com.br\/#\/schema\/person\/fd85bb7cc9e2a96647c1c05c33f00169"},"keywords":["dano","direito do consumidor","estacionamento","furto","roubo","ve\u00edculo"],"articleSection":["Indenizatoria","Responsabilidade Civil"],"inLanguage":"pt-BR"},{"@type":"WebPage","@id":"https:\/\/advogadosmc.com.br\/?p=658","url":"https:\/\/advogadosmc.com.br\/?p=658","name":"Empresa com Estacionamento Gr\u00e1tis \u00e9 Condenada em Danos Morais e Materiais no Caso de Roubo ou Furto em Ve\u00edculo de Clientes. - Marques da Costa Advogados","isPartOf":{"@id":"https:\/\/advogadosmc.com.br\/#website"},"datePublished":"2024-02-11T06:39:55+00:00","dateModified":"2024-02-11T06:48:12+00:00","description":"Empresa com Estacionamento Gr\u00e1tis \u00e9 Condenada em Danos Morais e Materiais no Caso de Roubo ou Furto em Ve\u00edculo de Clientes.","breadcrumb":{"@id":"https:\/\/advogadosmc.com.br\/?p=658#breadcrumb"},"inLanguage":"pt-BR","potentialAction":[{"@type":"ReadAction","target":["https:\/\/advogadosmc.com.br\/?p=658"]}]},{"@type":"BreadcrumbList","@id":"https:\/\/advogadosmc.com.br\/?p=658#breadcrumb","itemListElement":[{"@type":"ListItem","position":1,"name":"In\u00edcio","item":"https:\/\/advogadosmc.com.br\/"},{"@type":"ListItem","position":2,"name":"Empresa com Estacionamento Gr\u00e1tis \u00e9 Condenada em Danos Morais e Materiais no Caso de Roubo ou Furto em Ve\u00edculo de Clientes."}]},{"@type":"WebSite","@id":"https:\/\/advogadosmc.com.br\/#website","url":"https:\/\/advogadosmc.com.br\/","name":"Marques da Costa Advogados","description":"(41) 99623-3229 | 4042-1448 | atendimento@advogadosmc.com.br","publisher":{"@id":"https:\/\/advogadosmc.com.br\/#\/schema\/person\/fd85bb7cc9e2a96647c1c05c33f00169"},"potentialAction":[{"@type":"SearchAction","target":{"@type":"EntryPoint","urlTemplate":"https:\/\/advogadosmc.com.br\/?s={search_term_string}"},"query-input":{"@type":"PropertyValueSpecification","valueRequired":true,"valueName":"search_term_string"}}],"inLanguage":"pt-BR"},{"@type":["Person","Organization"],"@id":"https:\/\/advogadosmc.com.br\/#\/schema\/person\/fd85bb7cc9e2a96647c1c05c33f00169","name":"mc","image":{"@type":"ImageObject","inLanguage":"pt-BR","@id":"http:\/\/advogadosmc.com.br\/wp-content\/uploads\/2018\/10\/Logo-03-1024x655.png","url":"http:\/\/advogadosmc.com.br\/wp-content\/uploads\/2018\/10\/Logo-03-1024x655.png","contentUrl":"http:\/\/advogadosmc.com.br\/wp-content\/uploads\/2018\/10\/Logo-03-1024x655.png","width":1024,"height":655,"caption":"mc"},"logo":{"@id":"http:\/\/advogadosmc.com.br\/wp-content\/uploads\/2018\/10\/Logo-03-1024x655.png"}}]}},"jetpack_featured_media_url":"","jetpack_sharing_enabled":true,"jetpack_likes_enabled":true,"_links":{"self":[{"href":"https:\/\/advogadosmc.com.br\/index.php?rest_route=\/wp\/v2\/posts\/658","targetHints":{"allow":["GET"]}}],"collection":[{"href":"https:\/\/advogadosmc.com.br\/index.php?rest_route=\/wp\/v2\/posts"}],"about":[{"href":"https:\/\/advogadosmc.com.br\/index.php?rest_route=\/wp\/v2\/types\/post"}],"author":[{"embeddable":true,"href":"https:\/\/advogadosmc.com.br\/index.php?rest_route=\/wp\/v2\/users\/1"}],"replies":[{"embeddable":true,"href":"https:\/\/advogadosmc.com.br\/index.php?rest_route=%2Fwp%2Fv2%2Fcomments&post=658"}],"version-history":[{"count":2,"href":"https:\/\/advogadosmc.com.br\/index.php?rest_route=\/wp\/v2\/posts\/658\/revisions"}],"predecessor-version":[{"id":663,"href":"https:\/\/advogadosmc.com.br\/index.php?rest_route=\/wp\/v2\/posts\/658\/revisions\/663"}],"wp:attachment":[{"href":"https:\/\/advogadosmc.com.br\/index.php?rest_route=%2Fwp%2Fv2%2Fmedia&parent=658"}],"wp:term":[{"taxonomy":"category","embeddable":true,"href":"https:\/\/advogadosmc.com.br\/index.php?rest_route=%2Fwp%2Fv2%2Fcategories&post=658"},{"taxonomy":"post_tag","embeddable":true,"href":"https:\/\/advogadosmc.com.br\/index.php?rest_route=%2Fwp%2Fv2%2Ftags&post=658"}],"curies":[{"name":"wp","href":"https:\/\/api.w.org\/{rel}","templated":true}]}}