{"id":680,"date":"2024-03-26T02:00:10","date_gmt":"2024-03-26T05:00:10","guid":{"rendered":"https:\/\/advogadosmc.com.br\/?p=680"},"modified":"2024-03-26T02:01:07","modified_gmt":"2024-03-26T05:01:07","slug":"insalubridade-restaurante-madero-limpeza-banheiros","status":"publish","type":"post","link":"https:\/\/advogadosmc.com.br\/?p=680","title":{"rendered":"Trabalhador Recebe Adicional de Insalubridade em Grau M\u00e9dio por Exposi\u00e7\u00e3o a Agentes Qu\u00edmicos"},"content":{"rendered":"\n<p class=\"has-text-align-justify\">Nos autos do processo 0000801-83.2022.5.09.0028, <strong>um trabalhador obteve \u00eaxito ao pleitear o pagamento de adicional de insalubridade em grau m\u00e9dio devido \u00e0 exposi\u00e7\u00e3o a agentes qu\u00edmico<\/strong>s durante suas atividades laborais no <em>Restaurante Madero LTDA<\/em>. A senten\u00e7a proferida pela 19\u00aa Vara do Trabalho de Curitiba considerou os elementos apresentados na per\u00edcia t\u00e9cnica e os argumentos das partes envolvidas.<\/p>\n\n\n\n<!--more-->\n\n\n\n<p>O advogado que defendeu os interesses da trabalhadora, Dr. Vitor Bruno Marques da Costa, destacou que seu cliente realizava a limpeza de ambientes, incluindo sal\u00f5es de clientes, banheiros e c\u00e2mara fria, sem o devido fornecimento e uso adequado de Equipamentos de Prote\u00e7\u00e3o Individual (EPIs). A an\u00e1lise pericial realizada pela m\u00e9dica do trabalho confirmou a exposi\u00e7\u00e3o do trabalhador a produtos qu\u00edmicos nocivos \u00e0 sa\u00fade, enquadrando as atividades como insalubres em grau m\u00e9dio.<\/p>\n\n\n\n<p class=\"has-text-align-justify\">Embora o empregador tenha contestado os argumentos apresentados, a senten\u00e7a reconheceu a validade do laudo pericial, destacando a aus\u00eancia de fornecimento adequado de EPIs adequados e a exposi\u00e7\u00e3o do trabalhador a agentes qu\u00edmicos.<strong> Assim, foi deferido ao reclamante o pagamento do adicional de insalubridade em grau m\u00e9dio, com reflexos sobre f\u00e9rias, d\u00e9cimos terceiros sal\u00e1rios e FGTS.<\/strong><\/p>\n\n\n\n<p class=\"has-text-align-justify\">Este caso ressalta a import\u00e2ncia da avalia\u00e7\u00e3o adequada das condi\u00e7\u00f5es de trabalho e do fornecimento de medidas de prote\u00e7\u00e3o aos trabalhadores, visando garantir um ambiente laboral seguro e saud\u00e1vel. Para mais informa\u00e7\u00f5es e orienta\u00e7\u00f5es sobre a\u00e7\u00f5es indenizat\u00f3rias como essa, entre em contato conosco. Estamos aqui para lutar pelos seus direitos e garantir justi\u00e7a a seu favor.<\/p>\n\n\n\n<hr class=\"wp-block-separator has-alpha-channel-opacity\"\/>\n\n\n\n<p>Marques da Costa \u2013 Advocacia e Consultoria Jur\u00eddica<br>Sociedade Ind. de Advocacia n\u00ba 14.373 OAB\/PR<br>CNPJ n\u00ba 47.937.138\/0001-85<br>Advogado Respons\u00e1vel Dr. Vitor Bruno Marques da Costa n\u00ba 94.762 OAB\/PR<br><strong><a href=\"https:\/\/api.whatsapp.com\/send\/?phone=5541996233229&amp;text=Ol%C3%A1%2C+estou+precisando+de+um+advogado+e+venho+do+site+de+Advocacia+Marques+da+Costa.&amp;type=phone_number&amp;app_absent=0\">(41) 99623-3229<\/a>&nbsp;| 4042-1448 |&nbsp;<\/strong><em>atendimento@advogadosmc.com.br<\/em><\/p>\n\n\n\n<hr class=\"wp-block-separator has-alpha-channel-opacity\"\/>\n\n\n\n<p>Voc\u00ea pode ter acesso as \u00edntegras senten\u00e7as mencionadas nos\u00a0<em>links\u00a0<\/em>abaixo:<\/p>\n\n\n\n<ul class=\"wp-block-list\">\n<li><em>https:\/\/www.trt9.jus.br\/jurisprudencia-nacional\/pesquisa\/numero\/0000801-83.2022.5.09.0028?abaSelecionada=sentencas<\/em><\/li>\n<\/ul>\n","protected":false},"excerpt":{"rendered":"<p>Nos autos do processo 0000801-83.2022.5.09.0028, um trabalhador obteve \u00eaxito ao pleitear o pagamento de adicional de insalubridade em grau m\u00e9dio devido \u00e0 exposi\u00e7\u00e3o a agentes qu\u00edmicos durante suas atividades laborais no Restaurante Madero LTDA. A senten\u00e7a proferida pela 19\u00aa Vara do Trabalho de Curitiba considerou os elementos apresentados na per\u00edcia t\u00e9cnica e os argumentos das<\/p><\/div>\n<div class=\"blog-btn\"><a href=\"https:\/\/advogadosmc.com.br\/?p=680\" class=\"home-blog-btn\">Ler mais<\/a><\/p>\n","protected":false},"author":1,"featured_media":0,"comment_status":"closed","ping_status":"open","sticky":false,"template":"","format":"standard","meta":{"ngg_post_thumbnail":0,"_jetpack_memberships_contains_paid_content":false,"footnotes":""},"categories":[63],"tags":[122,121,127,124,123,126,99,120,125],"class_list":["post-680","post","type-post","status-publish","format-standard","hentry","category-trabalhista-blog","tag-adicional-de-insalubridade","tag-condicoes-de-trabalho","tag-epi","tag-exposicao-a-agentes-quimicos","tag-grau-medio","tag-limpeza-de-banheiro","tag-madero","tag-pericia-tecnica","tag-restaurante"],"yoast_head":"<!-- This site is optimized with the Yoast SEO plugin v27.4 - https:\/\/yoast.com\/product\/yoast-seo-wordpress\/ -->\n<title>Trabalhador Recebe Adicional de Insalubridade em Grau M\u00e9dio por Exposi\u00e7\u00e3o a Agentes Qu\u00edmicos - Marques da Costa Advogados<\/title>\n<meta name=\"description\" content=\"Trabalhador recebe o pagamento do adicional de insalubridade em grau m\u00e9dio, com reflexos sobre f\u00e9rias, d\u00e9cimos terceiros sal\u00e1rios e FGTS.\" \/>\n<meta name=\"robots\" content=\"index, follow, max-snippet:-1, max-image-preview:large, max-video-preview:-1\" \/>\n<link rel=\"canonical\" href=\"https:\/\/advogadosmc.com.br\/?p=680\" \/>\n<meta property=\"og:locale\" content=\"pt_BR\" \/>\n<meta property=\"og:type\" content=\"article\" \/>\n<meta property=\"og:title\" content=\"Trabalhador Recebe Adicional de Insalubridade em Grau M\u00e9dio por Exposi\u00e7\u00e3o a Agentes Qu\u00edmicos - Marques da Costa Advogados\" \/>\n<meta property=\"og:description\" content=\"Trabalhador recebe o pagamento do adicional de insalubridade em grau m\u00e9dio, com reflexos sobre f\u00e9rias, d\u00e9cimos terceiros sal\u00e1rios e FGTS.\" \/>\n<meta property=\"og:url\" content=\"https:\/\/advogadosmc.com.br\/?p=680\" \/>\n<meta property=\"og:site_name\" content=\"Marques da Costa Advogados\" \/>\n<meta property=\"article:published_time\" content=\"2024-03-26T05:00:10+00:00\" \/>\n<meta property=\"article:modified_time\" content=\"2024-03-26T05:01:07+00:00\" \/>\n<meta name=\"author\" content=\"mc\" \/>\n<meta name=\"twitter:card\" content=\"summary_large_image\" \/>\n<meta name=\"twitter:label1\" content=\"Escrito por\" \/>\n\t<meta name=\"twitter:data1\" content=\"mc\" \/>\n\t<meta name=\"twitter:label2\" content=\"Est. tempo de leitura\" \/>\n\t<meta name=\"twitter:data2\" content=\"2 minutos\" \/>\n<script type=\"application\/ld+json\" class=\"yoast-schema-graph\">{\"@context\":\"https:\\\/\\\/schema.org\",\"@graph\":[{\"@type\":\"Article\",\"@id\":\"https:\\\/\\\/advogadosmc.com.br\\\/?p=680#article\",\"isPartOf\":{\"@id\":\"https:\\\/\\\/advogadosmc.com.br\\\/?p=680\"},\"author\":{\"name\":\"mc\",\"@id\":\"https:\\\/\\\/advogadosmc.com.br\\\/#\\\/schema\\\/person\\\/fd85bb7cc9e2a96647c1c05c33f00169\"},\"headline\":\"Trabalhador Recebe Adicional de Insalubridade em Grau M\u00e9dio por Exposi\u00e7\u00e3o a Agentes Qu\u00edmicos\",\"datePublished\":\"2024-03-26T05:00:10+00:00\",\"dateModified\":\"2024-03-26T05:01:07+00:00\",\"mainEntityOfPage\":{\"@id\":\"https:\\\/\\\/advogadosmc.com.br\\\/?p=680\"},\"wordCount\":345,\"publisher\":{\"@id\":\"https:\\\/\\\/advogadosmc.com.br\\\/#\\\/schema\\\/person\\\/fd85bb7cc9e2a96647c1c05c33f00169\"},\"keywords\":[\"Adicional de insalubridade\",\"condi\u00e7\u00f5es de trabalho\",\"epi\",\"exposi\u00e7\u00e3o a agentes qu\u00edmicos\",\"grau m\u00e9dio\",\"limpeza de banheiro\",\"Madero\",\"per\u00edcia t\u00e9cnica\",\"restaurante\"],\"articleSection\":[\"Trabalhista\"],\"inLanguage\":\"pt-BR\"},{\"@type\":\"WebPage\",\"@id\":\"https:\\\/\\\/advogadosmc.com.br\\\/?p=680\",\"url\":\"https:\\\/\\\/advogadosmc.com.br\\\/?p=680\",\"name\":\"Trabalhador Recebe Adicional de Insalubridade em Grau M\u00e9dio por Exposi\u00e7\u00e3o a Agentes Qu\u00edmicos - Marques da Costa Advogados\",\"isPartOf\":{\"@id\":\"https:\\\/\\\/advogadosmc.com.br\\\/#website\"},\"datePublished\":\"2024-03-26T05:00:10+00:00\",\"dateModified\":\"2024-03-26T05:01:07+00:00\",\"description\":\"Trabalhador recebe o pagamento do adicional de insalubridade em grau m\u00e9dio, com reflexos sobre f\u00e9rias, d\u00e9cimos terceiros sal\u00e1rios e FGTS.\",\"breadcrumb\":{\"@id\":\"https:\\\/\\\/advogadosmc.com.br\\\/?p=680#breadcrumb\"},\"inLanguage\":\"pt-BR\",\"potentialAction\":[{\"@type\":\"ReadAction\",\"target\":[\"https:\\\/\\\/advogadosmc.com.br\\\/?p=680\"]}]},{\"@type\":\"BreadcrumbList\",\"@id\":\"https:\\\/\\\/advogadosmc.com.br\\\/?p=680#breadcrumb\",\"itemListElement\":[{\"@type\":\"ListItem\",\"position\":1,\"name\":\"In\u00edcio\",\"item\":\"https:\\\/\\\/advogadosmc.com.br\\\/\"},{\"@type\":\"ListItem\",\"position\":2,\"name\":\"Trabalhador Recebe Adicional de Insalubridade em Grau M\u00e9dio por Exposi\u00e7\u00e3o a Agentes Qu\u00edmicos\"}]},{\"@type\":\"WebSite\",\"@id\":\"https:\\\/\\\/advogadosmc.com.br\\\/#website\",\"url\":\"https:\\\/\\\/advogadosmc.com.br\\\/\",\"name\":\"Marques da Costa Advogados\",\"description\":\"(41) 99623-3229 | 4042-1448 | atendimento@advogadosmc.com.br\",\"publisher\":{\"@id\":\"https:\\\/\\\/advogadosmc.com.br\\\/#\\\/schema\\\/person\\\/fd85bb7cc9e2a96647c1c05c33f00169\"},\"potentialAction\":[{\"@type\":\"SearchAction\",\"target\":{\"@type\":\"EntryPoint\",\"urlTemplate\":\"https:\\\/\\\/advogadosmc.com.br\\\/?s={search_term_string}\"},\"query-input\":{\"@type\":\"PropertyValueSpecification\",\"valueRequired\":true,\"valueName\":\"search_term_string\"}}],\"inLanguage\":\"pt-BR\"},{\"@type\":[\"Person\",\"Organization\"],\"@id\":\"https:\\\/\\\/advogadosmc.com.br\\\/#\\\/schema\\\/person\\\/fd85bb7cc9e2a96647c1c05c33f00169\",\"name\":\"mc\",\"image\":{\"@type\":\"ImageObject\",\"inLanguage\":\"pt-BR\",\"@id\":\"http:\\\/\\\/advogadosmc.com.br\\\/wp-content\\\/uploads\\\/2018\\\/10\\\/Logo-03-1024x655.png\",\"url\":\"http:\\\/\\\/advogadosmc.com.br\\\/wp-content\\\/uploads\\\/2018\\\/10\\\/Logo-03-1024x655.png\",\"contentUrl\":\"http:\\\/\\\/advogadosmc.com.br\\\/wp-content\\\/uploads\\\/2018\\\/10\\\/Logo-03-1024x655.png\",\"width\":1024,\"height\":655,\"caption\":\"mc\"},\"logo\":{\"@id\":\"http:\\\/\\\/advogadosmc.com.br\\\/wp-content\\\/uploads\\\/2018\\\/10\\\/Logo-03-1024x655.png\"}}]}<\/script>\n<!-- \/ Yoast SEO plugin. -->","yoast_head_json":{"title":"Trabalhador Recebe Adicional de Insalubridade em Grau M\u00e9dio por Exposi\u00e7\u00e3o a Agentes Qu\u00edmicos - Marques da Costa Advogados","description":"Trabalhador recebe o pagamento do adicional de insalubridade em grau m\u00e9dio, com reflexos sobre f\u00e9rias, d\u00e9cimos terceiros sal\u00e1rios e FGTS.","robots":{"index":"index","follow":"follow","max-snippet":"max-snippet:-1","max-image-preview":"max-image-preview:large","max-video-preview":"max-video-preview:-1"},"canonical":"https:\/\/advogadosmc.com.br\/?p=680","og_locale":"pt_BR","og_type":"article","og_title":"Trabalhador Recebe Adicional de Insalubridade em Grau M\u00e9dio por Exposi\u00e7\u00e3o a Agentes Qu\u00edmicos - Marques da Costa Advogados","og_description":"Trabalhador recebe o pagamento do adicional de insalubridade em grau m\u00e9dio, com reflexos sobre f\u00e9rias, d\u00e9cimos terceiros sal\u00e1rios e FGTS.","og_url":"https:\/\/advogadosmc.com.br\/?p=680","og_site_name":"Marques da Costa Advogados","article_published_time":"2024-03-26T05:00:10+00:00","article_modified_time":"2024-03-26T05:01:07+00:00","author":"mc","twitter_card":"summary_large_image","twitter_misc":{"Escrito por":"mc","Est. tempo de leitura":"2 minutos"},"schema":{"@context":"https:\/\/schema.org","@graph":[{"@type":"Article","@id":"https:\/\/advogadosmc.com.br\/?p=680#article","isPartOf":{"@id":"https:\/\/advogadosmc.com.br\/?p=680"},"author":{"name":"mc","@id":"https:\/\/advogadosmc.com.br\/#\/schema\/person\/fd85bb7cc9e2a96647c1c05c33f00169"},"headline":"Trabalhador Recebe Adicional de Insalubridade em Grau M\u00e9dio por Exposi\u00e7\u00e3o a Agentes Qu\u00edmicos","datePublished":"2024-03-26T05:00:10+00:00","dateModified":"2024-03-26T05:01:07+00:00","mainEntityOfPage":{"@id":"https:\/\/advogadosmc.com.br\/?p=680"},"wordCount":345,"publisher":{"@id":"https:\/\/advogadosmc.com.br\/#\/schema\/person\/fd85bb7cc9e2a96647c1c05c33f00169"},"keywords":["Adicional de insalubridade","condi\u00e7\u00f5es de trabalho","epi","exposi\u00e7\u00e3o a agentes qu\u00edmicos","grau m\u00e9dio","limpeza de banheiro","Madero","per\u00edcia t\u00e9cnica","restaurante"],"articleSection":["Trabalhista"],"inLanguage":"pt-BR"},{"@type":"WebPage","@id":"https:\/\/advogadosmc.com.br\/?p=680","url":"https:\/\/advogadosmc.com.br\/?p=680","name":"Trabalhador Recebe Adicional de Insalubridade em Grau M\u00e9dio por Exposi\u00e7\u00e3o a Agentes Qu\u00edmicos - Marques da Costa Advogados","isPartOf":{"@id":"https:\/\/advogadosmc.com.br\/#website"},"datePublished":"2024-03-26T05:00:10+00:00","dateModified":"2024-03-26T05:01:07+00:00","description":"Trabalhador recebe o pagamento do adicional de insalubridade em grau m\u00e9dio, com reflexos sobre f\u00e9rias, d\u00e9cimos terceiros sal\u00e1rios e FGTS.","breadcrumb":{"@id":"https:\/\/advogadosmc.com.br\/?p=680#breadcrumb"},"inLanguage":"pt-BR","potentialAction":[{"@type":"ReadAction","target":["https:\/\/advogadosmc.com.br\/?p=680"]}]},{"@type":"BreadcrumbList","@id":"https:\/\/advogadosmc.com.br\/?p=680#breadcrumb","itemListElement":[{"@type":"ListItem","position":1,"name":"In\u00edcio","item":"https:\/\/advogadosmc.com.br\/"},{"@type":"ListItem","position":2,"name":"Trabalhador Recebe Adicional de Insalubridade em Grau M\u00e9dio por Exposi\u00e7\u00e3o a Agentes Qu\u00edmicos"}]},{"@type":"WebSite","@id":"https:\/\/advogadosmc.com.br\/#website","url":"https:\/\/advogadosmc.com.br\/","name":"Marques da Costa Advogados","description":"(41) 99623-3229 | 4042-1448 | atendimento@advogadosmc.com.br","publisher":{"@id":"https:\/\/advogadosmc.com.br\/#\/schema\/person\/fd85bb7cc9e2a96647c1c05c33f00169"},"potentialAction":[{"@type":"SearchAction","target":{"@type":"EntryPoint","urlTemplate":"https:\/\/advogadosmc.com.br\/?s={search_term_string}"},"query-input":{"@type":"PropertyValueSpecification","valueRequired":true,"valueName":"search_term_string"}}],"inLanguage":"pt-BR"},{"@type":["Person","Organization"],"@id":"https:\/\/advogadosmc.com.br\/#\/schema\/person\/fd85bb7cc9e2a96647c1c05c33f00169","name":"mc","image":{"@type":"ImageObject","inLanguage":"pt-BR","@id":"http:\/\/advogadosmc.com.br\/wp-content\/uploads\/2018\/10\/Logo-03-1024x655.png","url":"http:\/\/advogadosmc.com.br\/wp-content\/uploads\/2018\/10\/Logo-03-1024x655.png","contentUrl":"http:\/\/advogadosmc.com.br\/wp-content\/uploads\/2018\/10\/Logo-03-1024x655.png","width":1024,"height":655,"caption":"mc"},"logo":{"@id":"http:\/\/advogadosmc.com.br\/wp-content\/uploads\/2018\/10\/Logo-03-1024x655.png"}}]}},"jetpack_featured_media_url":"","jetpack_sharing_enabled":true,"jetpack_likes_enabled":true,"_links":{"self":[{"href":"https:\/\/advogadosmc.com.br\/index.php?rest_route=\/wp\/v2\/posts\/680","targetHints":{"allow":["GET"]}}],"collection":[{"href":"https:\/\/advogadosmc.com.br\/index.php?rest_route=\/wp\/v2\/posts"}],"about":[{"href":"https:\/\/advogadosmc.com.br\/index.php?rest_route=\/wp\/v2\/types\/post"}],"author":[{"embeddable":true,"href":"https:\/\/advogadosmc.com.br\/index.php?rest_route=\/wp\/v2\/users\/1"}],"replies":[{"embeddable":true,"href":"https:\/\/advogadosmc.com.br\/index.php?rest_route=%2Fwp%2Fv2%2Fcomments&post=680"}],"version-history":[{"count":1,"href":"https:\/\/advogadosmc.com.br\/index.php?rest_route=\/wp\/v2\/posts\/680\/revisions"}],"predecessor-version":[{"id":681,"href":"https:\/\/advogadosmc.com.br\/index.php?rest_route=\/wp\/v2\/posts\/680\/revisions\/681"}],"wp:attachment":[{"href":"https:\/\/advogadosmc.com.br\/index.php?rest_route=%2Fwp%2Fv2%2Fmedia&parent=680"}],"wp:term":[{"taxonomy":"category","embeddable":true,"href":"https:\/\/advogadosmc.com.br\/index.php?rest_route=%2Fwp%2Fv2%2Fcategories&post=680"},{"taxonomy":"post_tag","embeddable":true,"href":"https:\/\/advogadosmc.com.br\/index.php?rest_route=%2Fwp%2Fv2%2Ftags&post=680"}],"curies":[{"name":"wp","href":"https:\/\/api.w.org\/{rel}","templated":true}]}}