{"id":689,"date":"2024-04-03T00:36:27","date_gmt":"2024-04-03T03:36:27","guid":{"rendered":"https:\/\/advogadosmc.com.br\/?p=689"},"modified":"2024-04-03T00:46:56","modified_gmt":"2024-04-03T03:46:56","slug":"consumidor-indenizacao-danos-morais-serasa-irregular","status":"publish","type":"post","link":"https:\/\/advogadosmc.com.br\/?p=689","title":{"rendered":"Consumidor Recebe Indeniza\u00e7\u00e3o por Cadastro Irregular nos \u00d3rg\u00e3os de Prote\u00e7\u00e3o ao Cr\u00e9dito"},"content":{"rendered":"\n<p class=\"has-text-align-justify\">Uma hist\u00f3ria de resolu\u00e7\u00e3o r\u00e1pida e justa ganha destaque. Um consumidor obteve sucesso em caso contra a empresa SKY SERVI\u00c7OS DE BANDA LARGA LTDA, o consumidor enfrentou problemas de cadastro irregular nos \u00f3rg\u00e3os de prote\u00e7\u00e3o ao cr\u00e9dito.<\/p>\n\n\n\n<!--more-->\n\n\n\n<p class=\"has-text-align-justify\">Ao tentar obter um cart\u00e3o nas lojas HAVAN, o cliente teve seu cadastro negado e foi informado sobre a exist\u00eancia de uma d\u00edvida registrada no Serasa Consumidor, afetando seu nome e seu CPF. Em uma reviravolta favor\u00e1vel, a empresa reconheceu o erro ainda na primeira audi\u00eancia e concordou em pagar uma indeniza\u00e7\u00e3o de R$ 2.500,00 por danos morais ao cliente, antes mesmo de uma senten\u00e7a ser proferida pelo juiz.<\/p>\n\n\n\n<p class=\"has-text-align-justify\">Este caso destaca a import\u00e2ncia da defesa dos direitos dos consumidores e da busca por solu\u00e7\u00f5es r\u00e1pidas e justas. O consumidor teve sua defesa realizada pelo escrit\u00f3rio &#8220;Marques da Costa&#8221; que ajuizou a demanda e deu orienta\u00e7\u00e3o completa ao consumidor.<\/p>\n\n\n\n<p class=\"has-text-align-justify\">Este processo recebeu o n\u00famero dos autos 0000070-73.2021.8.16.0191 com tr\u00e2mite nos Juizados Especiais do F\u00f3rum de Pinheiro, em Curitiba.<\/p>\n\n\n\n<hr class=\"wp-block-separator has-alpha-channel-opacity\"\/>\n\n\n\n<p>Marques da Costa \u2013 Advocacia e Consultoria Jur\u00eddica<br>Sociedade Ind. de Advocacia n\u00ba 14.373 OAB\/PR<br>CNPJ n\u00ba 47.937.138\/0001-85<br>Advogado Respons\u00e1vel Dr. Vitor Bruno Marques da Costa n\u00ba 94.762 OAB\/PR<br><strong><a href=\"https:\/\/api.whatsapp.com\/send\/?phone=5541996233229&amp;text=Ol%C3%A1%2C+estou+precisando+de+um+advogado+e+venho+do+site+de+Advocacia+Marques+da+Costa.&amp;type=phone_number&amp;app_absent=0\">(41) 99623-3229<\/a>&nbsp;| 4042-1448 |&nbsp;<\/strong><em>atendimento@advogadosmc.com.br<\/em><\/p>\n","protected":false},"excerpt":{"rendered":"<p>Uma hist\u00f3ria de resolu\u00e7\u00e3o r\u00e1pida e justa ganha destaque. Um consumidor obteve sucesso em caso contra a empresa SKY SERVI\u00c7OS DE BANDA LARGA LTDA, o consumidor enfrentou problemas de cadastro irregular nos \u00f3rg\u00e3os de prote\u00e7\u00e3o ao cr\u00e9dito.<\/p>\n","protected":false},"author":1,"featured_media":0,"comment_status":"closed","ping_status":"open","sticky":false,"template":"","format":"standard","meta":{"ngg_post_thumbnail":0,"_jetpack_memberships_contains_paid_content":false,"footnotes":""},"categories":[24],"tags":[148,149,49,109,117,144,74,146,147,145],"class_list":["post-689","post","type-post","status-publish","format-standard","hentry","category-civil-bancario","tag-acordo-extrajudicial","tag-cadastro-irregular","tag-consumidor","tag-curitiba","tag-danos-morais","tag-havan","tag-indenizacao","tag-juizados-especiais","tag-orgaos-de-protecao-ao-credito","tag-sky-servicos-de-banda-larga"],"yoast_head":"<!-- This site is optimized with the Yoast SEO plugin v27.4 - https:\/\/yoast.com\/product\/yoast-seo-wordpress\/ -->\n<title>Consumidor Recebe Indeniza\u00e7\u00e3o por Cadastro Irregular nos \u00d3rg\u00e3os de Prote\u00e7\u00e3o ao Cr\u00e9dito - Marques da Costa Advogados<\/title>\n<meta name=\"description\" content=\"Consumidor garante indeniza\u00e7\u00e3o por danos morais por cadastro irregular nos \u00f3rg\u00e3os de prote\u00e7\u00e3o ao cr\u00e9dito realizando acordo na justi\u00e7a\" \/>\n<meta name=\"robots\" content=\"index, follow, max-snippet:-1, max-image-preview:large, max-video-preview:-1\" \/>\n<link rel=\"canonical\" href=\"https:\/\/advogadosmc.com.br\/?p=689\" \/>\n<meta property=\"og:locale\" content=\"pt_BR\" \/>\n<meta property=\"og:type\" content=\"article\" \/>\n<meta property=\"og:title\" content=\"Consumidor Recebe Indeniza\u00e7\u00e3o por Cadastro Irregular nos \u00d3rg\u00e3os de Prote\u00e7\u00e3o ao Cr\u00e9dito - Marques da Costa Advogados\" \/>\n<meta property=\"og:description\" content=\"Consumidor garante indeniza\u00e7\u00e3o por danos morais por cadastro irregular nos \u00f3rg\u00e3os de prote\u00e7\u00e3o ao cr\u00e9dito realizando acordo na justi\u00e7a\" \/>\n<meta property=\"og:url\" content=\"https:\/\/advogadosmc.com.br\/?p=689\" \/>\n<meta property=\"og:site_name\" content=\"Marques da Costa Advogados\" \/>\n<meta property=\"article:published_time\" content=\"2024-04-03T03:36:27+00:00\" \/>\n<meta property=\"article:modified_time\" content=\"2024-04-03T03:46:56+00:00\" \/>\n<meta name=\"author\" content=\"mc\" \/>\n<meta name=\"twitter:card\" content=\"summary_large_image\" \/>\n<meta name=\"twitter:label1\" content=\"Escrito por\" \/>\n\t<meta name=\"twitter:data1\" content=\"mc\" \/>\n\t<meta name=\"twitter:label2\" content=\"Est. tempo de leitura\" \/>\n\t<meta name=\"twitter:data2\" content=\"2 minutos\" \/>\n<script type=\"application\/ld+json\" class=\"yoast-schema-graph\">{\"@context\":\"https:\\\/\\\/schema.org\",\"@graph\":[{\"@type\":\"Article\",\"@id\":\"https:\\\/\\\/advogadosmc.com.br\\\/?p=689#article\",\"isPartOf\":{\"@id\":\"https:\\\/\\\/advogadosmc.com.br\\\/?p=689\"},\"author\":{\"name\":\"mc\",\"@id\":\"https:\\\/\\\/advogadosmc.com.br\\\/#\\\/schema\\\/person\\\/fd85bb7cc9e2a96647c1c05c33f00169\"},\"headline\":\"Consumidor Recebe Indeniza\u00e7\u00e3o por Cadastro Irregular nos \u00d3rg\u00e3os de Prote\u00e7\u00e3o ao Cr\u00e9dito\",\"datePublished\":\"2024-04-03T03:36:27+00:00\",\"dateModified\":\"2024-04-03T03:46:56+00:00\",\"mainEntityOfPage\":{\"@id\":\"https:\\\/\\\/advogadosmc.com.br\\\/?p=689\"},\"wordCount\":238,\"publisher\":{\"@id\":\"https:\\\/\\\/advogadosmc.com.br\\\/#\\\/schema\\\/person\\\/fd85bb7cc9e2a96647c1c05c33f00169\"},\"keywords\":[\"Acordo extrajudicial\",\"Cadastro irregular\",\"consumidor\",\"curitiba\",\"danos morais\",\"HAVAN\",\"indeniza\u00e7\u00e3o\",\"Juizados Especiais\",\"\u00d3rg\u00e3os de prote\u00e7\u00e3o ao cr\u00e9dito\",\"SKY SERVI\u00c7OS DE BANDA LARGA\"],\"articleSection\":[\"Civil - Banc\u00e1rio\"],\"inLanguage\":\"pt-BR\"},{\"@type\":\"WebPage\",\"@id\":\"https:\\\/\\\/advogadosmc.com.br\\\/?p=689\",\"url\":\"https:\\\/\\\/advogadosmc.com.br\\\/?p=689\",\"name\":\"Consumidor Recebe Indeniza\u00e7\u00e3o por Cadastro Irregular nos \u00d3rg\u00e3os de Prote\u00e7\u00e3o ao Cr\u00e9dito - Marques da Costa Advogados\",\"isPartOf\":{\"@id\":\"https:\\\/\\\/advogadosmc.com.br\\\/#website\"},\"datePublished\":\"2024-04-03T03:36:27+00:00\",\"dateModified\":\"2024-04-03T03:46:56+00:00\",\"description\":\"Consumidor garante indeniza\u00e7\u00e3o por danos morais por cadastro irregular nos \u00f3rg\u00e3os de prote\u00e7\u00e3o ao cr\u00e9dito realizando acordo na justi\u00e7a\",\"breadcrumb\":{\"@id\":\"https:\\\/\\\/advogadosmc.com.br\\\/?p=689#breadcrumb\"},\"inLanguage\":\"pt-BR\",\"potentialAction\":[{\"@type\":\"ReadAction\",\"target\":[\"https:\\\/\\\/advogadosmc.com.br\\\/?p=689\"]}]},{\"@type\":\"BreadcrumbList\",\"@id\":\"https:\\\/\\\/advogadosmc.com.br\\\/?p=689#breadcrumb\",\"itemListElement\":[{\"@type\":\"ListItem\",\"position\":1,\"name\":\"In\u00edcio\",\"item\":\"https:\\\/\\\/advogadosmc.com.br\\\/\"},{\"@type\":\"ListItem\",\"position\":2,\"name\":\"Consumidor Recebe Indeniza\u00e7\u00e3o por Cadastro Irregular nos \u00d3rg\u00e3os de Prote\u00e7\u00e3o ao Cr\u00e9dito\"}]},{\"@type\":\"WebSite\",\"@id\":\"https:\\\/\\\/advogadosmc.com.br\\\/#website\",\"url\":\"https:\\\/\\\/advogadosmc.com.br\\\/\",\"name\":\"Marques da Costa Advogados\",\"description\":\"(41) 99623-3229 | 4042-1448 | atendimento@advogadosmc.com.br\",\"publisher\":{\"@id\":\"https:\\\/\\\/advogadosmc.com.br\\\/#\\\/schema\\\/person\\\/fd85bb7cc9e2a96647c1c05c33f00169\"},\"potentialAction\":[{\"@type\":\"SearchAction\",\"target\":{\"@type\":\"EntryPoint\",\"urlTemplate\":\"https:\\\/\\\/advogadosmc.com.br\\\/?s={search_term_string}\"},\"query-input\":{\"@type\":\"PropertyValueSpecification\",\"valueRequired\":true,\"valueName\":\"search_term_string\"}}],\"inLanguage\":\"pt-BR\"},{\"@type\":[\"Person\",\"Organization\"],\"@id\":\"https:\\\/\\\/advogadosmc.com.br\\\/#\\\/schema\\\/person\\\/fd85bb7cc9e2a96647c1c05c33f00169\",\"name\":\"mc\",\"image\":{\"@type\":\"ImageObject\",\"inLanguage\":\"pt-BR\",\"@id\":\"http:\\\/\\\/advogadosmc.com.br\\\/wp-content\\\/uploads\\\/2018\\\/10\\\/Logo-03-1024x655.png\",\"url\":\"http:\\\/\\\/advogadosmc.com.br\\\/wp-content\\\/uploads\\\/2018\\\/10\\\/Logo-03-1024x655.png\",\"contentUrl\":\"http:\\\/\\\/advogadosmc.com.br\\\/wp-content\\\/uploads\\\/2018\\\/10\\\/Logo-03-1024x655.png\",\"width\":1024,\"height\":655,\"caption\":\"mc\"},\"logo\":{\"@id\":\"http:\\\/\\\/advogadosmc.com.br\\\/wp-content\\\/uploads\\\/2018\\\/10\\\/Logo-03-1024x655.png\"}}]}<\/script>\n<!-- \/ Yoast SEO plugin. -->","yoast_head_json":{"title":"Consumidor Recebe Indeniza\u00e7\u00e3o por Cadastro Irregular nos \u00d3rg\u00e3os de Prote\u00e7\u00e3o ao Cr\u00e9dito - Marques da Costa Advogados","description":"Consumidor garante indeniza\u00e7\u00e3o por danos morais por cadastro irregular nos \u00f3rg\u00e3os de prote\u00e7\u00e3o ao cr\u00e9dito realizando acordo na justi\u00e7a","robots":{"index":"index","follow":"follow","max-snippet":"max-snippet:-1","max-image-preview":"max-image-preview:large","max-video-preview":"max-video-preview:-1"},"canonical":"https:\/\/advogadosmc.com.br\/?p=689","og_locale":"pt_BR","og_type":"article","og_title":"Consumidor Recebe Indeniza\u00e7\u00e3o por Cadastro Irregular nos \u00d3rg\u00e3os de Prote\u00e7\u00e3o ao Cr\u00e9dito - Marques da Costa Advogados","og_description":"Consumidor garante indeniza\u00e7\u00e3o por danos morais por cadastro irregular nos \u00f3rg\u00e3os de prote\u00e7\u00e3o ao cr\u00e9dito realizando acordo na justi\u00e7a","og_url":"https:\/\/advogadosmc.com.br\/?p=689","og_site_name":"Marques da Costa Advogados","article_published_time":"2024-04-03T03:36:27+00:00","article_modified_time":"2024-04-03T03:46:56+00:00","author":"mc","twitter_card":"summary_large_image","twitter_misc":{"Escrito por":"mc","Est. tempo de leitura":"2 minutos"},"schema":{"@context":"https:\/\/schema.org","@graph":[{"@type":"Article","@id":"https:\/\/advogadosmc.com.br\/?p=689#article","isPartOf":{"@id":"https:\/\/advogadosmc.com.br\/?p=689"},"author":{"name":"mc","@id":"https:\/\/advogadosmc.com.br\/#\/schema\/person\/fd85bb7cc9e2a96647c1c05c33f00169"},"headline":"Consumidor Recebe Indeniza\u00e7\u00e3o por Cadastro Irregular nos \u00d3rg\u00e3os de Prote\u00e7\u00e3o ao Cr\u00e9dito","datePublished":"2024-04-03T03:36:27+00:00","dateModified":"2024-04-03T03:46:56+00:00","mainEntityOfPage":{"@id":"https:\/\/advogadosmc.com.br\/?p=689"},"wordCount":238,"publisher":{"@id":"https:\/\/advogadosmc.com.br\/#\/schema\/person\/fd85bb7cc9e2a96647c1c05c33f00169"},"keywords":["Acordo extrajudicial","Cadastro irregular","consumidor","curitiba","danos morais","HAVAN","indeniza\u00e7\u00e3o","Juizados Especiais","\u00d3rg\u00e3os de prote\u00e7\u00e3o ao cr\u00e9dito","SKY SERVI\u00c7OS DE BANDA LARGA"],"articleSection":["Civil - Banc\u00e1rio"],"inLanguage":"pt-BR"},{"@type":"WebPage","@id":"https:\/\/advogadosmc.com.br\/?p=689","url":"https:\/\/advogadosmc.com.br\/?p=689","name":"Consumidor Recebe Indeniza\u00e7\u00e3o por Cadastro Irregular nos \u00d3rg\u00e3os de Prote\u00e7\u00e3o ao Cr\u00e9dito - Marques da Costa Advogados","isPartOf":{"@id":"https:\/\/advogadosmc.com.br\/#website"},"datePublished":"2024-04-03T03:36:27+00:00","dateModified":"2024-04-03T03:46:56+00:00","description":"Consumidor garante indeniza\u00e7\u00e3o por danos morais por cadastro irregular nos \u00f3rg\u00e3os de prote\u00e7\u00e3o ao cr\u00e9dito realizando acordo na justi\u00e7a","breadcrumb":{"@id":"https:\/\/advogadosmc.com.br\/?p=689#breadcrumb"},"inLanguage":"pt-BR","potentialAction":[{"@type":"ReadAction","target":["https:\/\/advogadosmc.com.br\/?p=689"]}]},{"@type":"BreadcrumbList","@id":"https:\/\/advogadosmc.com.br\/?p=689#breadcrumb","itemListElement":[{"@type":"ListItem","position":1,"name":"In\u00edcio","item":"https:\/\/advogadosmc.com.br\/"},{"@type":"ListItem","position":2,"name":"Consumidor Recebe Indeniza\u00e7\u00e3o por Cadastro Irregular nos \u00d3rg\u00e3os de Prote\u00e7\u00e3o ao Cr\u00e9dito"}]},{"@type":"WebSite","@id":"https:\/\/advogadosmc.com.br\/#website","url":"https:\/\/advogadosmc.com.br\/","name":"Marques da Costa Advogados","description":"(41) 99623-3229 | 4042-1448 | atendimento@advogadosmc.com.br","publisher":{"@id":"https:\/\/advogadosmc.com.br\/#\/schema\/person\/fd85bb7cc9e2a96647c1c05c33f00169"},"potentialAction":[{"@type":"SearchAction","target":{"@type":"EntryPoint","urlTemplate":"https:\/\/advogadosmc.com.br\/?s={search_term_string}"},"query-input":{"@type":"PropertyValueSpecification","valueRequired":true,"valueName":"search_term_string"}}],"inLanguage":"pt-BR"},{"@type":["Person","Organization"],"@id":"https:\/\/advogadosmc.com.br\/#\/schema\/person\/fd85bb7cc9e2a96647c1c05c33f00169","name":"mc","image":{"@type":"ImageObject","inLanguage":"pt-BR","@id":"http:\/\/advogadosmc.com.br\/wp-content\/uploads\/2018\/10\/Logo-03-1024x655.png","url":"http:\/\/advogadosmc.com.br\/wp-content\/uploads\/2018\/10\/Logo-03-1024x655.png","contentUrl":"http:\/\/advogadosmc.com.br\/wp-content\/uploads\/2018\/10\/Logo-03-1024x655.png","width":1024,"height":655,"caption":"mc"},"logo":{"@id":"http:\/\/advogadosmc.com.br\/wp-content\/uploads\/2018\/10\/Logo-03-1024x655.png"}}]}},"jetpack_featured_media_url":"","jetpack_sharing_enabled":true,"jetpack_likes_enabled":true,"_links":{"self":[{"href":"https:\/\/advogadosmc.com.br\/index.php?rest_route=\/wp\/v2\/posts\/689","targetHints":{"allow":["GET"]}}],"collection":[{"href":"https:\/\/advogadosmc.com.br\/index.php?rest_route=\/wp\/v2\/posts"}],"about":[{"href":"https:\/\/advogadosmc.com.br\/index.php?rest_route=\/wp\/v2\/types\/post"}],"author":[{"embeddable":true,"href":"https:\/\/advogadosmc.com.br\/index.php?rest_route=\/wp\/v2\/users\/1"}],"replies":[{"embeddable":true,"href":"https:\/\/advogadosmc.com.br\/index.php?rest_route=%2Fwp%2Fv2%2Fcomments&post=689"}],"version-history":[{"count":2,"href":"https:\/\/advogadosmc.com.br\/index.php?rest_route=\/wp\/v2\/posts\/689\/revisions"}],"predecessor-version":[{"id":693,"href":"https:\/\/advogadosmc.com.br\/index.php?rest_route=\/wp\/v2\/posts\/689\/revisions\/693"}],"wp:attachment":[{"href":"https:\/\/advogadosmc.com.br\/index.php?rest_route=%2Fwp%2Fv2%2Fmedia&parent=689"}],"wp:term":[{"taxonomy":"category","embeddable":true,"href":"https:\/\/advogadosmc.com.br\/index.php?rest_route=%2Fwp%2Fv2%2Fcategories&post=689"},{"taxonomy":"post_tag","embeddable":true,"href":"https:\/\/advogadosmc.com.br\/index.php?rest_route=%2Fwp%2Fv2%2Ftags&post=689"}],"curies":[{"name":"wp","href":"https:\/\/api.w.org\/{rel}","templated":true}]}}