{"id":691,"date":"2024-04-03T00:54:01","date_gmt":"2024-04-03T03:54:01","guid":{"rendered":"https:\/\/advogadosmc.com.br\/?p=691"},"modified":"2024-04-03T01:42:15","modified_gmt":"2024-04-03T04:42:15","slug":"consumidor-recebe-indenizacao-reforma-justica-rapida","status":"publish","type":"post","link":"https:\/\/advogadosmc.com.br\/?p=691","title":{"rendered":"Consumidor Recebe Indeniza\u00e7\u00e3o por Reforma Malfeita: Justi\u00e7a R\u00e1pida nos Juizados Especiais"},"content":{"rendered":"\n<p class=\"has-text-align-justify\">Um consumidor insatisfeito com os resultados de uma reforma contratada, ap\u00f3s enfrentar atrasos e diversas falhas na obra, como enquadramento inadequado de portas e janelas, piso irregular e rachaduras nas paredes, o cliente decidiu agir ajuizando uma A\u00c7\u00c3O DE REPARA\u00c7\u00c3O POR DANOS MATERIAIS E MORAIS contra a empreiteira respons\u00e1vel, o consumidor obteve sucesso em um acordo judicial. A empresa reconheceu seus erros e compensou os preju\u00edzos causados na obra, garantindo rapidamente a satisfa\u00e7\u00e3o do cliente.<\/p>\n\n\n\n<!--more-->\n\n\n\n<p class=\"has-text-align-justify\">Quando se trata de obras em resid\u00eancias, \u00e9 essencial lembrar que o consumidor possui direitos garantidos por lei no caso de v\u00edcios e defeitos na obra. De acordo com o C\u00f3digo de Defesa do Consumidor, o fornecedor tem a obriga\u00e7\u00e3o de entregar um servi\u00e7o adequado, livre de v\u00edcios que o tornem impr\u00f3prio ao consumo ou lhe diminuam o valor. Caso esses requisitos n\u00e3o sejam atendidos, o consumidor tem o direito de buscar a repara\u00e7\u00e3o dos danos materiais e morais sofridos, garantindo assim a prote\u00e7\u00e3o de seus direitos e interesses.<\/p>\n\n\n\n<p class=\"has-text-align-justify\">A defesa realizada pelo escrit\u00f3rio &#8220;Marques da Costa&#8221; teve por base o artigo 3\u00ba da Lei 8.078\/1990, conhecida como C\u00f3digo de Defesa do Consumidor, define o consumidor como aquele que utiliza o servi\u00e7o como destinat\u00e1rio final, conforme o artigo 2\u00ba da mesma lei. Tal conceito abrange indiv\u00edduos que possuem todas as caracter\u00edsticas de vulnerabilidade, incluindo aspectos t\u00e9cnicos, econ\u00f4micos e jur\u00eddicos. O artigo 6\u00ba, inciso VIII, do CDC, confere ao consumidor uma prote\u00e7\u00e3o especial, o que tem o poder de afastar a aplica\u00e7\u00e3o das normas do C\u00f3digo de Processo Civil, especialmente no que diz respeito ao \u00f4nus probat\u00f3rio, conforme estabelecido nos artigos 95 e 373, inciso I. <\/p>\n\n\n\n<p class=\"has-text-align-justify\">Al\u00e9m de no m\u00e9rito ter embasado no artigo 618 do C\u00f3digo Civil estabelece a responsabilidade do empreiteiro pela solidez e seguran\u00e7a da obra, enquanto o artigo 389 trata da obriga\u00e7\u00e3o de indenizar em caso de inadimplemento contratual. O artigo 186, aliado ao artigo 927, tamb\u00e9m do C\u00f3digo Civil, refor\u00e7a a responsabilidade civil por danos causados a terceiros. Al\u00e9m disso, o artigo 14, \u00a73\u00ba, inciso I, do C\u00f3digo de Defesa do Consumidor, prev\u00ea a possibilidade de repara\u00e7\u00e3o por danos morais em caso de falha na presta\u00e7\u00e3o de servi\u00e7os ou fornecimento de produtos.<\/p>\n\n\n\n<p class=\"has-text-align-justify\">Este caso exemplifica a import\u00e2ncia de buscar a justi\u00e7a quando os direitos do consumidor s\u00e3o violados. A equipe do escrit\u00f3rio &#8220;Marques da Costa&#8221; foi quem esteve comprometida em defender os interesses de consumidor e garantir que recebesse a repara\u00e7\u00e3o que lhe era devida.<\/p>\n\n\n\n<p class=\"has-text-align-justify\">Este processo tramitou nos Juizados Especiais do F\u00f3rum do Boqueir\u00e3o, em Curitiba, sob os autos de n\u00ba 0000262-91.2021.8.16.0195.<\/p>\n\n\n\n<hr class=\"wp-block-separator has-alpha-channel-opacity\"\/>\n\n\n\n<p>Marques da Costa \u2013 Advocacia e Consultoria Jur\u00eddica<br>Sociedade Ind. de Advocacia n\u00ba 14.373 OAB\/PR<br>CNPJ n\u00ba 47.937.138\/0001-85<br>Advogado Respons\u00e1vel Dr. Vitor Bruno Marques da Costa n\u00ba 94.762 OAB\/PR<br><strong><a href=\"https:\/\/api.whatsapp.com\/send\/?phone=5541996233229&amp;text=Ol%C3%A1%2C+estou+precisando+de+um+advogado+e+venho+do+site+de+Advocacia+Marques+da+Costa.&amp;type=phone_number&amp;app_absent=0\">(41) 99623-3229<\/a>&nbsp;| 4042-1448 |&nbsp;<\/strong><em>atendimento@advogadosmc.com.br<\/em><\/p>\n","protected":false},"excerpt":{"rendered":"<p>Um consumidor insatisfeito com os resultados de uma reforma contratada, ap\u00f3s enfrentar atrasos e diversas falhas na obra, como enquadramento inadequado de portas e janelas, piso irregular e rachaduras nas paredes, o cliente decidiu agir ajuizando uma A\u00c7\u00c3O DE REPARA\u00c7\u00c3O POR DANOS MATERIAIS E MORAIS contra a empreiteira respons\u00e1vel, o consumidor obteve sucesso em um<\/p><\/div>\n<div class=\"blog-btn\"><a href=\"https:\/\/advogadosmc.com.br\/?p=691\" class=\"home-blog-btn\">Ler mais<\/a><\/p>\n","protected":false},"author":1,"featured_media":0,"comment_status":"closed","ping_status":"open","sticky":false,"template":"","format":"standard","meta":{"ngg_post_thumbnail":0,"_jetpack_memberships_contains_paid_content":false,"footnotes":""},"categories":[16],"tags":[153,139,49,109,138,117,48,152,151,146,155,150],"class_list":["post-691","post","type-post","status-publish","format-standard","hentry","category-responsabilidade-civil","tag-acordo","tag-advocacia","tag-consumidor","tag-curitiba","tag-danos-materiais","tag-danos-morais","tag-direito-do-consumidor","tag-empreiteira","tag-forum-do-boqueirao","tag-juizados-especiais","tag-pedreiro","tag-reforma"],"yoast_head":"<!-- This site is optimized with the Yoast SEO plugin v27.4 - https:\/\/yoast.com\/product\/yoast-seo-wordpress\/ -->\n<title>Consumidor Recebe Indeniza\u00e7\u00e3o por Reforma Malfeita: Justi\u00e7a R\u00e1pida nos Juizados Especiais - Marques da Costa Advogados<\/title>\n<meta name=\"description\" content=\"Reforma malfeita? Consumidor garante indeniza\u00e7\u00e3o r\u00e1pida na justi\u00e7a por v\u00edcios na obra quando realizava reforma em sua resid\u00eancia.\" \/>\n<meta name=\"robots\" content=\"index, follow, max-snippet:-1, max-image-preview:large, max-video-preview:-1\" \/>\n<link rel=\"canonical\" href=\"https:\/\/advogadosmc.com.br\/?p=691\" \/>\n<meta property=\"og:locale\" content=\"pt_BR\" \/>\n<meta property=\"og:type\" content=\"article\" \/>\n<meta property=\"og:title\" content=\"Consumidor Recebe Indeniza\u00e7\u00e3o por Reforma Malfeita: Justi\u00e7a R\u00e1pida nos Juizados Especiais - Marques da Costa Advogados\" \/>\n<meta property=\"og:description\" content=\"Reforma malfeita? Consumidor garante indeniza\u00e7\u00e3o r\u00e1pida na justi\u00e7a por v\u00edcios na obra quando realizava reforma em sua resid\u00eancia.\" \/>\n<meta property=\"og:url\" content=\"https:\/\/advogadosmc.com.br\/?p=691\" \/>\n<meta property=\"og:site_name\" content=\"Marques da Costa Advogados\" \/>\n<meta property=\"article:published_time\" content=\"2024-04-03T03:54:01+00:00\" \/>\n<meta property=\"article:modified_time\" content=\"2024-04-03T04:42:15+00:00\" \/>\n<meta name=\"author\" content=\"mc\" \/>\n<meta name=\"twitter:card\" content=\"summary_large_image\" \/>\n<meta name=\"twitter:label1\" content=\"Escrito por\" \/>\n\t<meta name=\"twitter:data1\" content=\"mc\" \/>\n\t<meta name=\"twitter:label2\" content=\"Est. tempo de leitura\" \/>\n\t<meta name=\"twitter:data2\" content=\"3 minutos\" \/>\n<script type=\"application\/ld+json\" class=\"yoast-schema-graph\">{\"@context\":\"https:\\\/\\\/schema.org\",\"@graph\":[{\"@type\":\"Article\",\"@id\":\"https:\\\/\\\/advogadosmc.com.br\\\/?p=691#article\",\"isPartOf\":{\"@id\":\"https:\\\/\\\/advogadosmc.com.br\\\/?p=691\"},\"author\":{\"name\":\"mc\",\"@id\":\"https:\\\/\\\/advogadosmc.com.br\\\/#\\\/schema\\\/person\\\/fd85bb7cc9e2a96647c1c05c33f00169\"},\"headline\":\"Consumidor Recebe Indeniza\u00e7\u00e3o por Reforma Malfeita: Justi\u00e7a R\u00e1pida nos Juizados Especiais\",\"datePublished\":\"2024-04-03T03:54:01+00:00\",\"dateModified\":\"2024-04-03T04:42:15+00:00\",\"mainEntityOfPage\":{\"@id\":\"https:\\\/\\\/advogadosmc.com.br\\\/?p=691\"},\"wordCount\":508,\"publisher\":{\"@id\":\"https:\\\/\\\/advogadosmc.com.br\\\/#\\\/schema\\\/person\\\/fd85bb7cc9e2a96647c1c05c33f00169\"},\"keywords\":[\"Acordo\",\"Advocacia\",\"consumidor\",\"curitiba\",\"Danos materiais\",\"danos morais\",\"direito do consumidor\",\"Empreiteira\",\"F\u00f3rum do Boqueir\u00e3o\",\"Juizados Especiais\",\"pedreiro\",\"Reforma\"],\"articleSection\":[\"Responsabilidade Civil\"],\"inLanguage\":\"pt-BR\"},{\"@type\":\"WebPage\",\"@id\":\"https:\\\/\\\/advogadosmc.com.br\\\/?p=691\",\"url\":\"https:\\\/\\\/advogadosmc.com.br\\\/?p=691\",\"name\":\"Consumidor Recebe Indeniza\u00e7\u00e3o por Reforma Malfeita: Justi\u00e7a R\u00e1pida nos Juizados Especiais - Marques da Costa Advogados\",\"isPartOf\":{\"@id\":\"https:\\\/\\\/advogadosmc.com.br\\\/#website\"},\"datePublished\":\"2024-04-03T03:54:01+00:00\",\"dateModified\":\"2024-04-03T04:42:15+00:00\",\"description\":\"Reforma malfeita? Consumidor garante indeniza\u00e7\u00e3o r\u00e1pida na justi\u00e7a por v\u00edcios na obra quando realizava reforma em sua resid\u00eancia.\",\"breadcrumb\":{\"@id\":\"https:\\\/\\\/advogadosmc.com.br\\\/?p=691#breadcrumb\"},\"inLanguage\":\"pt-BR\",\"potentialAction\":[{\"@type\":\"ReadAction\",\"target\":[\"https:\\\/\\\/advogadosmc.com.br\\\/?p=691\"]}]},{\"@type\":\"BreadcrumbList\",\"@id\":\"https:\\\/\\\/advogadosmc.com.br\\\/?p=691#breadcrumb\",\"itemListElement\":[{\"@type\":\"ListItem\",\"position\":1,\"name\":\"In\u00edcio\",\"item\":\"https:\\\/\\\/advogadosmc.com.br\\\/\"},{\"@type\":\"ListItem\",\"position\":2,\"name\":\"Consumidor Recebe Indeniza\u00e7\u00e3o por Reforma Malfeita: Justi\u00e7a R\u00e1pida nos Juizados Especiais\"}]},{\"@type\":\"WebSite\",\"@id\":\"https:\\\/\\\/advogadosmc.com.br\\\/#website\",\"url\":\"https:\\\/\\\/advogadosmc.com.br\\\/\",\"name\":\"Marques da Costa Advogados\",\"description\":\"(41) 99623-3229 | 4042-1448 | atendimento@advogadosmc.com.br\",\"publisher\":{\"@id\":\"https:\\\/\\\/advogadosmc.com.br\\\/#\\\/schema\\\/person\\\/fd85bb7cc9e2a96647c1c05c33f00169\"},\"potentialAction\":[{\"@type\":\"SearchAction\",\"target\":{\"@type\":\"EntryPoint\",\"urlTemplate\":\"https:\\\/\\\/advogadosmc.com.br\\\/?s={search_term_string}\"},\"query-input\":{\"@type\":\"PropertyValueSpecification\",\"valueRequired\":true,\"valueName\":\"search_term_string\"}}],\"inLanguage\":\"pt-BR\"},{\"@type\":[\"Person\",\"Organization\"],\"@id\":\"https:\\\/\\\/advogadosmc.com.br\\\/#\\\/schema\\\/person\\\/fd85bb7cc9e2a96647c1c05c33f00169\",\"name\":\"mc\",\"image\":{\"@type\":\"ImageObject\",\"inLanguage\":\"pt-BR\",\"@id\":\"http:\\\/\\\/advogadosmc.com.br\\\/wp-content\\\/uploads\\\/2018\\\/10\\\/Logo-03-1024x655.png\",\"url\":\"http:\\\/\\\/advogadosmc.com.br\\\/wp-content\\\/uploads\\\/2018\\\/10\\\/Logo-03-1024x655.png\",\"contentUrl\":\"http:\\\/\\\/advogadosmc.com.br\\\/wp-content\\\/uploads\\\/2018\\\/10\\\/Logo-03-1024x655.png\",\"width\":1024,\"height\":655,\"caption\":\"mc\"},\"logo\":{\"@id\":\"http:\\\/\\\/advogadosmc.com.br\\\/wp-content\\\/uploads\\\/2018\\\/10\\\/Logo-03-1024x655.png\"}}]}<\/script>\n<!-- \/ Yoast SEO plugin. -->","yoast_head_json":{"title":"Consumidor Recebe Indeniza\u00e7\u00e3o por Reforma Malfeita: Justi\u00e7a R\u00e1pida nos Juizados Especiais - Marques da Costa Advogados","description":"Reforma malfeita? Consumidor garante indeniza\u00e7\u00e3o r\u00e1pida na justi\u00e7a por v\u00edcios na obra quando realizava reforma em sua resid\u00eancia.","robots":{"index":"index","follow":"follow","max-snippet":"max-snippet:-1","max-image-preview":"max-image-preview:large","max-video-preview":"max-video-preview:-1"},"canonical":"https:\/\/advogadosmc.com.br\/?p=691","og_locale":"pt_BR","og_type":"article","og_title":"Consumidor Recebe Indeniza\u00e7\u00e3o por Reforma Malfeita: Justi\u00e7a R\u00e1pida nos Juizados Especiais - Marques da Costa Advogados","og_description":"Reforma malfeita? Consumidor garante indeniza\u00e7\u00e3o r\u00e1pida na justi\u00e7a por v\u00edcios na obra quando realizava reforma em sua resid\u00eancia.","og_url":"https:\/\/advogadosmc.com.br\/?p=691","og_site_name":"Marques da Costa Advogados","article_published_time":"2024-04-03T03:54:01+00:00","article_modified_time":"2024-04-03T04:42:15+00:00","author":"mc","twitter_card":"summary_large_image","twitter_misc":{"Escrito por":"mc","Est. tempo de leitura":"3 minutos"},"schema":{"@context":"https:\/\/schema.org","@graph":[{"@type":"Article","@id":"https:\/\/advogadosmc.com.br\/?p=691#article","isPartOf":{"@id":"https:\/\/advogadosmc.com.br\/?p=691"},"author":{"name":"mc","@id":"https:\/\/advogadosmc.com.br\/#\/schema\/person\/fd85bb7cc9e2a96647c1c05c33f00169"},"headline":"Consumidor Recebe Indeniza\u00e7\u00e3o por Reforma Malfeita: Justi\u00e7a R\u00e1pida nos Juizados Especiais","datePublished":"2024-04-03T03:54:01+00:00","dateModified":"2024-04-03T04:42:15+00:00","mainEntityOfPage":{"@id":"https:\/\/advogadosmc.com.br\/?p=691"},"wordCount":508,"publisher":{"@id":"https:\/\/advogadosmc.com.br\/#\/schema\/person\/fd85bb7cc9e2a96647c1c05c33f00169"},"keywords":["Acordo","Advocacia","consumidor","curitiba","Danos materiais","danos morais","direito do consumidor","Empreiteira","F\u00f3rum do Boqueir\u00e3o","Juizados Especiais","pedreiro","Reforma"],"articleSection":["Responsabilidade Civil"],"inLanguage":"pt-BR"},{"@type":"WebPage","@id":"https:\/\/advogadosmc.com.br\/?p=691","url":"https:\/\/advogadosmc.com.br\/?p=691","name":"Consumidor Recebe Indeniza\u00e7\u00e3o por Reforma Malfeita: Justi\u00e7a R\u00e1pida nos Juizados Especiais - Marques da Costa Advogados","isPartOf":{"@id":"https:\/\/advogadosmc.com.br\/#website"},"datePublished":"2024-04-03T03:54:01+00:00","dateModified":"2024-04-03T04:42:15+00:00","description":"Reforma malfeita? Consumidor garante indeniza\u00e7\u00e3o r\u00e1pida na justi\u00e7a por v\u00edcios na obra quando realizava reforma em sua resid\u00eancia.","breadcrumb":{"@id":"https:\/\/advogadosmc.com.br\/?p=691#breadcrumb"},"inLanguage":"pt-BR","potentialAction":[{"@type":"ReadAction","target":["https:\/\/advogadosmc.com.br\/?p=691"]}]},{"@type":"BreadcrumbList","@id":"https:\/\/advogadosmc.com.br\/?p=691#breadcrumb","itemListElement":[{"@type":"ListItem","position":1,"name":"In\u00edcio","item":"https:\/\/advogadosmc.com.br\/"},{"@type":"ListItem","position":2,"name":"Consumidor Recebe Indeniza\u00e7\u00e3o por Reforma Malfeita: Justi\u00e7a R\u00e1pida nos Juizados Especiais"}]},{"@type":"WebSite","@id":"https:\/\/advogadosmc.com.br\/#website","url":"https:\/\/advogadosmc.com.br\/","name":"Marques da Costa Advogados","description":"(41) 99623-3229 | 4042-1448 | atendimento@advogadosmc.com.br","publisher":{"@id":"https:\/\/advogadosmc.com.br\/#\/schema\/person\/fd85bb7cc9e2a96647c1c05c33f00169"},"potentialAction":[{"@type":"SearchAction","target":{"@type":"EntryPoint","urlTemplate":"https:\/\/advogadosmc.com.br\/?s={search_term_string}"},"query-input":{"@type":"PropertyValueSpecification","valueRequired":true,"valueName":"search_term_string"}}],"inLanguage":"pt-BR"},{"@type":["Person","Organization"],"@id":"https:\/\/advogadosmc.com.br\/#\/schema\/person\/fd85bb7cc9e2a96647c1c05c33f00169","name":"mc","image":{"@type":"ImageObject","inLanguage":"pt-BR","@id":"http:\/\/advogadosmc.com.br\/wp-content\/uploads\/2018\/10\/Logo-03-1024x655.png","url":"http:\/\/advogadosmc.com.br\/wp-content\/uploads\/2018\/10\/Logo-03-1024x655.png","contentUrl":"http:\/\/advogadosmc.com.br\/wp-content\/uploads\/2018\/10\/Logo-03-1024x655.png","width":1024,"height":655,"caption":"mc"},"logo":{"@id":"http:\/\/advogadosmc.com.br\/wp-content\/uploads\/2018\/10\/Logo-03-1024x655.png"}}]}},"jetpack_featured_media_url":"","jetpack_sharing_enabled":true,"jetpack_likes_enabled":true,"_links":{"self":[{"href":"https:\/\/advogadosmc.com.br\/index.php?rest_route=\/wp\/v2\/posts\/691","targetHints":{"allow":["GET"]}}],"collection":[{"href":"https:\/\/advogadosmc.com.br\/index.php?rest_route=\/wp\/v2\/posts"}],"about":[{"href":"https:\/\/advogadosmc.com.br\/index.php?rest_route=\/wp\/v2\/types\/post"}],"author":[{"embeddable":true,"href":"https:\/\/advogadosmc.com.br\/index.php?rest_route=\/wp\/v2\/users\/1"}],"replies":[{"embeddable":true,"href":"https:\/\/advogadosmc.com.br\/index.php?rest_route=%2Fwp%2Fv2%2Fcomments&post=691"}],"version-history":[{"count":3,"href":"https:\/\/advogadosmc.com.br\/index.php?rest_route=\/wp\/v2\/posts\/691\/revisions"}],"predecessor-version":[{"id":701,"href":"https:\/\/advogadosmc.com.br\/index.php?rest_route=\/wp\/v2\/posts\/691\/revisions\/701"}],"wp:attachment":[{"href":"https:\/\/advogadosmc.com.br\/index.php?rest_route=%2Fwp%2Fv2%2Fmedia&parent=691"}],"wp:term":[{"taxonomy":"category","embeddable":true,"href":"https:\/\/advogadosmc.com.br\/index.php?rest_route=%2Fwp%2Fv2%2Fcategories&post=691"},{"taxonomy":"post_tag","embeddable":true,"href":"https:\/\/advogadosmc.com.br\/index.php?rest_route=%2Fwp%2Fv2%2Ftags&post=691"}],"curies":[{"name":"wp","href":"https:\/\/api.w.org\/{rel}","templated":true}]}}