{"id":709,"date":"2024-04-03T02:32:50","date_gmt":"2024-04-03T05:32:50","guid":{"rendered":"https:\/\/advogadosmc.com.br\/?p=709"},"modified":"2024-04-03T02:32:52","modified_gmt":"2024-04-03T05:32:52","slug":"revogacao-prisao-responder-liberdade","status":"publish","type":"post","link":"https:\/\/advogadosmc.com.br\/?p=709","title":{"rendered":"Cliente Acusado de Furto Tem Pris\u00e3o Preventiva Revogada para Responder Processo em Liberdade"},"content":{"rendered":"\n<p class=\"has-text-align-justify\">Ap\u00f3s enfrentar um processo penal, um r\u00e9u acusado de furto teve um importante desdobramento judicial a seu favor. O juiz decidiu revogar sua pris\u00e3o preventiva, <strong>permitindo que ele aguarde e responda o processo em liberdade.<\/strong> Por\u00e9m, embora os delitos tenham sido considerados de baixa potencialidade ofensiva, a r\u00e9 possu\u00eda antecedentes criminais extensos, o que justificou a imposi\u00e7\u00e3o de medidas cautelares menos severas, como a monitora\u00e7\u00e3o eletr\u00f4nica e a proibi\u00e7\u00e3o de envolvimento em novos delitos.<\/p>\n\n\n\n<!--more-->\n\n\n\n<p class=\"has-text-align-justify\">A acusa\u00e7\u00e3o envolvia crimes de furto previstos no C\u00f3digo Penal e na Lei de Contraven\u00e7\u00f5es Penais, assim a decis\u00e3o judicial baseou-se em detalhes espec\u00edficos, como os crimes descritos nos artigos 155 e 21 do C\u00f3digo Penal, al\u00e9m do artigo 316 do C\u00f3digo de Processo Penal, que trata da revoga\u00e7\u00e3o da pris\u00e3o preventiva.<\/p>\n\n\n\n<p class=\"has-text-align-justify\">\u00c9 importante entender os termos jur\u00eddicos essenciais neste caso. A pris\u00e3o preventiva \u00e9 uma medida cautelar decretada pelo juiz antes do julgamento final do processo, com o objetivo de garantir a ordem p\u00fablica, a instru\u00e7\u00e3o criminal ou a aplica\u00e7\u00e3o da lei penal. <strong>Quando a pris\u00e3o preventiva \u00e9 revogada, significa que o r\u00e9u deixa de ficar preso enquanto o processo continua em andamento.<\/strong> Dessa forma, ele pode responder ao processo em liberdade, ou seja, n\u00e3o fica detido na pris\u00e3o durante o desenrolar das investiga\u00e7\u00f5es e do julgamento. Este \u00e9 um direito fundamental assegurado pela lei, permitindo que o r\u00e9u exer\u00e7a sua defesa de maneira mais efetiva e justa.<\/p>\n\n\n\n<p class=\"has-text-align-justify\">O r\u00e9u teve sua defesa realizada pelo escrit\u00f3rio &#8220;Marques da Costa&#8221; com a garantia dos direitos de acordo com a lei criminal. O processo correu em sigilo.<\/p>\n\n\n\n<hr class=\"wp-block-separator has-alpha-channel-opacity\"\/>\n\n\n\n<p>Marques da Costa \u2013 Advocacia e Consultoria Jur\u00eddica<br>Sociedade Ind. de Advocacia n\u00ba 14.373 OAB\/PR<br>CNPJ n\u00ba 47.937.138\/0001-85<br>Advogado Respons\u00e1vel Dr. Vitor Bruno Marques da Costa n\u00ba 94.762 OAB\/PR<br><strong><a href=\"https:\/\/api.whatsapp.com\/send\/?phone=5541996233229&amp;text=Ol%C3%A1%2C+estou+precisando+de+um+advogado+e+venho+do+site+de+Advocacia+Marques+da+Costa.&amp;type=phone_number&amp;app_absent=0\">(41) 99623-3229<\/a>&nbsp;| 4042-1448 |&nbsp;<\/strong><em>atendimento@advogadosmc.com.br<\/em><\/p>\n","protected":false},"excerpt":{"rendered":"<p>Ap\u00f3s enfrentar um processo penal, um r\u00e9u acusado de furto teve um importante desdobramento judicial a seu favor. O juiz decidiu revogar sua pris\u00e3o preventiva, permitindo que ele aguarde e responda o processo em liberdade. Por\u00e9m, embora os delitos tenham sido considerados de baixa potencialidade ofensiva, a r\u00e9 possu\u00eda antecedentes criminais extensos, o que justificou<\/p><\/div>\n<div class=\"blog-btn\"><a href=\"https:\/\/advogadosmc.com.br\/?p=709\" class=\"home-blog-btn\">Ler mais<\/a><\/p>\n","protected":false},"author":1,"featured_media":0,"comment_status":"closed","ping_status":"open","sticky":false,"template":"","format":"standard","meta":{"ngg_post_thumbnail":0,"_jetpack_memberships_contains_paid_content":false,"footnotes":""},"categories":[1],"tags":[199,202,195,198,201,197,193,203,192,191,194,196,190,200],"class_list":["post-709","post","type-post","status-publish","format-standard","hentry","category-geral","tag-advogado-especializado","tag-audiencia-de-custodia","tag-codigo-de-processo-penal","tag-codigo-penal","tag-crime-de-furto","tag-defesa-legal","tag-direitos-do-reu","tag-furto-e-roubo","tag-liberdade-provisoria","tag-medidas-cautelares","tag-preso-em-liberdade","tag-prisao-preventiva","tag-processo-penal","tag-revogacao-da-prisao"],"yoast_head":"<!-- This site is optimized with the Yoast SEO plugin v27.4 - https:\/\/yoast.com\/product\/yoast-seo-wordpress\/ -->\n<title>Cliente Acusado de Furto Tem Pris\u00e3o Preventiva Revogada para Responder Processo em Liberdade - Marques da Costa Advogados<\/title>\n<meta name=\"description\" content=\"Saiba como a revoga\u00e7\u00e3o da pris\u00e3o preventiva permite que o r\u00e9u responda ao processo em liberdade. Este caso foi em audi\u00eancia de cust\u00f3dia.\" \/>\n<meta name=\"robots\" content=\"index, follow, max-snippet:-1, max-image-preview:large, max-video-preview:-1\" \/>\n<link rel=\"canonical\" href=\"https:\/\/advogadosmc.com.br\/?p=709\" \/>\n<meta property=\"og:locale\" content=\"pt_BR\" \/>\n<meta property=\"og:type\" content=\"article\" \/>\n<meta property=\"og:title\" content=\"Cliente Acusado de Furto Tem Pris\u00e3o Preventiva Revogada para Responder Processo em Liberdade - Marques da Costa Advogados\" \/>\n<meta property=\"og:description\" content=\"Saiba como a revoga\u00e7\u00e3o da pris\u00e3o preventiva permite que o r\u00e9u responda ao processo em liberdade. Este caso foi em audi\u00eancia de cust\u00f3dia.\" \/>\n<meta property=\"og:url\" content=\"https:\/\/advogadosmc.com.br\/?p=709\" \/>\n<meta property=\"og:site_name\" content=\"Marques da Costa Advogados\" \/>\n<meta property=\"article:published_time\" content=\"2024-04-03T05:32:50+00:00\" \/>\n<meta property=\"article:modified_time\" content=\"2024-04-03T05:32:52+00:00\" \/>\n<meta name=\"author\" content=\"mc\" \/>\n<meta name=\"twitter:card\" content=\"summary_large_image\" \/>\n<meta name=\"twitter:label1\" content=\"Escrito por\" \/>\n\t<meta name=\"twitter:data1\" content=\"mc\" \/>\n\t<meta name=\"twitter:label2\" content=\"Est. tempo de leitura\" \/>\n\t<meta name=\"twitter:data2\" content=\"2 minutos\" \/>\n<script type=\"application\/ld+json\" class=\"yoast-schema-graph\">{\"@context\":\"https:\\\/\\\/schema.org\",\"@graph\":[{\"@type\":\"Article\",\"@id\":\"https:\\\/\\\/advogadosmc.com.br\\\/?p=709#article\",\"isPartOf\":{\"@id\":\"https:\\\/\\\/advogadosmc.com.br\\\/?p=709\"},\"author\":{\"name\":\"mc\",\"@id\":\"https:\\\/\\\/advogadosmc.com.br\\\/#\\\/schema\\\/person\\\/fd85bb7cc9e2a96647c1c05c33f00169\"},\"headline\":\"Cliente Acusado de Furto Tem Pris\u00e3o Preventiva Revogada para Responder Processo em Liberdade\",\"datePublished\":\"2024-04-03T05:32:50+00:00\",\"dateModified\":\"2024-04-03T05:32:52+00:00\",\"mainEntityOfPage\":{\"@id\":\"https:\\\/\\\/advogadosmc.com.br\\\/?p=709\"},\"wordCount\":336,\"publisher\":{\"@id\":\"https:\\\/\\\/advogadosmc.com.br\\\/#\\\/schema\\\/person\\\/fd85bb7cc9e2a96647c1c05c33f00169\"},\"keywords\":[\"Advogado especializado\",\"Audi\u00eancia de cust\u00f3dia\",\"C\u00f3digo de Processo Penal\",\"C\u00f3digo Penal\",\"crime de furto\",\"Defesa legal\",\"Direitos do r\u00e9u\",\"furto e roubo\",\"Liberdade provis\u00f3ria\",\"Medidas cautelares\",\"Preso em liberdade\",\"Pris\u00e3o preventiva\",\"Processo penal\",\"Revoga\u00e7\u00e3o da pris\u00e3o\"],\"articleSection\":[\"Geral\"],\"inLanguage\":\"pt-BR\"},{\"@type\":\"WebPage\",\"@id\":\"https:\\\/\\\/advogadosmc.com.br\\\/?p=709\",\"url\":\"https:\\\/\\\/advogadosmc.com.br\\\/?p=709\",\"name\":\"Cliente Acusado de Furto Tem Pris\u00e3o Preventiva Revogada para Responder Processo em Liberdade - Marques da Costa Advogados\",\"isPartOf\":{\"@id\":\"https:\\\/\\\/advogadosmc.com.br\\\/#website\"},\"datePublished\":\"2024-04-03T05:32:50+00:00\",\"dateModified\":\"2024-04-03T05:32:52+00:00\",\"description\":\"Saiba como a revoga\u00e7\u00e3o da pris\u00e3o preventiva permite que o r\u00e9u responda ao processo em liberdade. Este caso foi em audi\u00eancia de cust\u00f3dia.\",\"breadcrumb\":{\"@id\":\"https:\\\/\\\/advogadosmc.com.br\\\/?p=709#breadcrumb\"},\"inLanguage\":\"pt-BR\",\"potentialAction\":[{\"@type\":\"ReadAction\",\"target\":[\"https:\\\/\\\/advogadosmc.com.br\\\/?p=709\"]}]},{\"@type\":\"BreadcrumbList\",\"@id\":\"https:\\\/\\\/advogadosmc.com.br\\\/?p=709#breadcrumb\",\"itemListElement\":[{\"@type\":\"ListItem\",\"position\":1,\"name\":\"In\u00edcio\",\"item\":\"https:\\\/\\\/advogadosmc.com.br\\\/\"},{\"@type\":\"ListItem\",\"position\":2,\"name\":\"Cliente Acusado de Furto Tem Pris\u00e3o Preventiva Revogada para Responder Processo em Liberdade\"}]},{\"@type\":\"WebSite\",\"@id\":\"https:\\\/\\\/advogadosmc.com.br\\\/#website\",\"url\":\"https:\\\/\\\/advogadosmc.com.br\\\/\",\"name\":\"Marques da Costa Advogados\",\"description\":\"(41) 99623-3229 | 4042-1448 | atendimento@advogadosmc.com.br\",\"publisher\":{\"@id\":\"https:\\\/\\\/advogadosmc.com.br\\\/#\\\/schema\\\/person\\\/fd85bb7cc9e2a96647c1c05c33f00169\"},\"potentialAction\":[{\"@type\":\"SearchAction\",\"target\":{\"@type\":\"EntryPoint\",\"urlTemplate\":\"https:\\\/\\\/advogadosmc.com.br\\\/?s={search_term_string}\"},\"query-input\":{\"@type\":\"PropertyValueSpecification\",\"valueRequired\":true,\"valueName\":\"search_term_string\"}}],\"inLanguage\":\"pt-BR\"},{\"@type\":[\"Person\",\"Organization\"],\"@id\":\"https:\\\/\\\/advogadosmc.com.br\\\/#\\\/schema\\\/person\\\/fd85bb7cc9e2a96647c1c05c33f00169\",\"name\":\"mc\",\"image\":{\"@type\":\"ImageObject\",\"inLanguage\":\"pt-BR\",\"@id\":\"http:\\\/\\\/advogadosmc.com.br\\\/wp-content\\\/uploads\\\/2018\\\/10\\\/Logo-03-1024x655.png\",\"url\":\"http:\\\/\\\/advogadosmc.com.br\\\/wp-content\\\/uploads\\\/2018\\\/10\\\/Logo-03-1024x655.png\",\"contentUrl\":\"http:\\\/\\\/advogadosmc.com.br\\\/wp-content\\\/uploads\\\/2018\\\/10\\\/Logo-03-1024x655.png\",\"width\":1024,\"height\":655,\"caption\":\"mc\"},\"logo\":{\"@id\":\"http:\\\/\\\/advogadosmc.com.br\\\/wp-content\\\/uploads\\\/2018\\\/10\\\/Logo-03-1024x655.png\"}}]}<\/script>\n<!-- \/ Yoast SEO plugin. -->","yoast_head_json":{"title":"Cliente Acusado de Furto Tem Pris\u00e3o Preventiva Revogada para Responder Processo em Liberdade - Marques da Costa Advogados","description":"Saiba como a revoga\u00e7\u00e3o da pris\u00e3o preventiva permite que o r\u00e9u responda ao processo em liberdade. Este caso foi em audi\u00eancia de cust\u00f3dia.","robots":{"index":"index","follow":"follow","max-snippet":"max-snippet:-1","max-image-preview":"max-image-preview:large","max-video-preview":"max-video-preview:-1"},"canonical":"https:\/\/advogadosmc.com.br\/?p=709","og_locale":"pt_BR","og_type":"article","og_title":"Cliente Acusado de Furto Tem Pris\u00e3o Preventiva Revogada para Responder Processo em Liberdade - Marques da Costa Advogados","og_description":"Saiba como a revoga\u00e7\u00e3o da pris\u00e3o preventiva permite que o r\u00e9u responda ao processo em liberdade. Este caso foi em audi\u00eancia de cust\u00f3dia.","og_url":"https:\/\/advogadosmc.com.br\/?p=709","og_site_name":"Marques da Costa Advogados","article_published_time":"2024-04-03T05:32:50+00:00","article_modified_time":"2024-04-03T05:32:52+00:00","author":"mc","twitter_card":"summary_large_image","twitter_misc":{"Escrito por":"mc","Est. tempo de leitura":"2 minutos"},"schema":{"@context":"https:\/\/schema.org","@graph":[{"@type":"Article","@id":"https:\/\/advogadosmc.com.br\/?p=709#article","isPartOf":{"@id":"https:\/\/advogadosmc.com.br\/?p=709"},"author":{"name":"mc","@id":"https:\/\/advogadosmc.com.br\/#\/schema\/person\/fd85bb7cc9e2a96647c1c05c33f00169"},"headline":"Cliente Acusado de Furto Tem Pris\u00e3o Preventiva Revogada para Responder Processo em Liberdade","datePublished":"2024-04-03T05:32:50+00:00","dateModified":"2024-04-03T05:32:52+00:00","mainEntityOfPage":{"@id":"https:\/\/advogadosmc.com.br\/?p=709"},"wordCount":336,"publisher":{"@id":"https:\/\/advogadosmc.com.br\/#\/schema\/person\/fd85bb7cc9e2a96647c1c05c33f00169"},"keywords":["Advogado especializado","Audi\u00eancia de cust\u00f3dia","C\u00f3digo de Processo Penal","C\u00f3digo Penal","crime de furto","Defesa legal","Direitos do r\u00e9u","furto e roubo","Liberdade provis\u00f3ria","Medidas cautelares","Preso em liberdade","Pris\u00e3o preventiva","Processo penal","Revoga\u00e7\u00e3o da pris\u00e3o"],"articleSection":["Geral"],"inLanguage":"pt-BR"},{"@type":"WebPage","@id":"https:\/\/advogadosmc.com.br\/?p=709","url":"https:\/\/advogadosmc.com.br\/?p=709","name":"Cliente Acusado de Furto Tem Pris\u00e3o Preventiva Revogada para Responder Processo em Liberdade - Marques da Costa Advogados","isPartOf":{"@id":"https:\/\/advogadosmc.com.br\/#website"},"datePublished":"2024-04-03T05:32:50+00:00","dateModified":"2024-04-03T05:32:52+00:00","description":"Saiba como a revoga\u00e7\u00e3o da pris\u00e3o preventiva permite que o r\u00e9u responda ao processo em liberdade. Este caso foi em audi\u00eancia de cust\u00f3dia.","breadcrumb":{"@id":"https:\/\/advogadosmc.com.br\/?p=709#breadcrumb"},"inLanguage":"pt-BR","potentialAction":[{"@type":"ReadAction","target":["https:\/\/advogadosmc.com.br\/?p=709"]}]},{"@type":"BreadcrumbList","@id":"https:\/\/advogadosmc.com.br\/?p=709#breadcrumb","itemListElement":[{"@type":"ListItem","position":1,"name":"In\u00edcio","item":"https:\/\/advogadosmc.com.br\/"},{"@type":"ListItem","position":2,"name":"Cliente Acusado de Furto Tem Pris\u00e3o Preventiva Revogada para Responder Processo em Liberdade"}]},{"@type":"WebSite","@id":"https:\/\/advogadosmc.com.br\/#website","url":"https:\/\/advogadosmc.com.br\/","name":"Marques da Costa Advogados","description":"(41) 99623-3229 | 4042-1448 | atendimento@advogadosmc.com.br","publisher":{"@id":"https:\/\/advogadosmc.com.br\/#\/schema\/person\/fd85bb7cc9e2a96647c1c05c33f00169"},"potentialAction":[{"@type":"SearchAction","target":{"@type":"EntryPoint","urlTemplate":"https:\/\/advogadosmc.com.br\/?s={search_term_string}"},"query-input":{"@type":"PropertyValueSpecification","valueRequired":true,"valueName":"search_term_string"}}],"inLanguage":"pt-BR"},{"@type":["Person","Organization"],"@id":"https:\/\/advogadosmc.com.br\/#\/schema\/person\/fd85bb7cc9e2a96647c1c05c33f00169","name":"mc","image":{"@type":"ImageObject","inLanguage":"pt-BR","@id":"http:\/\/advogadosmc.com.br\/wp-content\/uploads\/2018\/10\/Logo-03-1024x655.png","url":"http:\/\/advogadosmc.com.br\/wp-content\/uploads\/2018\/10\/Logo-03-1024x655.png","contentUrl":"http:\/\/advogadosmc.com.br\/wp-content\/uploads\/2018\/10\/Logo-03-1024x655.png","width":1024,"height":655,"caption":"mc"},"logo":{"@id":"http:\/\/advogadosmc.com.br\/wp-content\/uploads\/2018\/10\/Logo-03-1024x655.png"}}]}},"jetpack_featured_media_url":"","jetpack_sharing_enabled":true,"jetpack_likes_enabled":true,"_links":{"self":[{"href":"https:\/\/advogadosmc.com.br\/index.php?rest_route=\/wp\/v2\/posts\/709","targetHints":{"allow":["GET"]}}],"collection":[{"href":"https:\/\/advogadosmc.com.br\/index.php?rest_route=\/wp\/v2\/posts"}],"about":[{"href":"https:\/\/advogadosmc.com.br\/index.php?rest_route=\/wp\/v2\/types\/post"}],"author":[{"embeddable":true,"href":"https:\/\/advogadosmc.com.br\/index.php?rest_route=\/wp\/v2\/users\/1"}],"replies":[{"embeddable":true,"href":"https:\/\/advogadosmc.com.br\/index.php?rest_route=%2Fwp%2Fv2%2Fcomments&post=709"}],"version-history":[{"count":1,"href":"https:\/\/advogadosmc.com.br\/index.php?rest_route=\/wp\/v2\/posts\/709\/revisions"}],"predecessor-version":[{"id":710,"href":"https:\/\/advogadosmc.com.br\/index.php?rest_route=\/wp\/v2\/posts\/709\/revisions\/710"}],"wp:attachment":[{"href":"https:\/\/advogadosmc.com.br\/index.php?rest_route=%2Fwp%2Fv2%2Fmedia&parent=709"}],"wp:term":[{"taxonomy":"category","embeddable":true,"href":"https:\/\/advogadosmc.com.br\/index.php?rest_route=%2Fwp%2Fv2%2Fcategories&post=709"},{"taxonomy":"post_tag","embeddable":true,"href":"https:\/\/advogadosmc.com.br\/index.php?rest_route=%2Fwp%2Fv2%2Ftags&post=709"}],"curies":[{"name":"wp","href":"https:\/\/api.w.org\/{rel}","templated":true}]}}