{"id":711,"date":"2024-04-03T03:00:19","date_gmt":"2024-04-03T06:00:19","guid":{"rendered":"https:\/\/advogadosmc.com.br\/?p=711"},"modified":"2024-04-03T03:00:20","modified_gmt":"2024-04-03T06:00:20","slug":"acidente-transito-batida-carro-responsabilidade-civil","status":"publish","type":"post","link":"https:\/\/advogadosmc.com.br\/?p=711","title":{"rendered":"Colis\u00e3o na Traseira: Nem Sempre Quem Bate Atr\u00e1s \u00e9 Respons\u00e1vel."},"content":{"rendered":"\n<p class=\"has-text-align-justify\">O autor da a\u00e7\u00e3o alegava que o r\u00e9u havia batido na traseira de seu ve\u00edculo, buscando indeniza\u00e7\u00e3o de R$ 4.361,00 pelos danos que alegava ter sofrido. Assim ajuizou a\u00e7\u00e3o judicial de perdas e danos decorrentes de um suposto acidente de tr\u00e2nsito. <strong>Mas acontece que foi quem bateu atr\u00e1s que ganhou essa a\u00e7\u00e3o e n\u00e3o precisou pagar a indeniza\u00e7\u00e3o. <\/strong>A defesa do r\u00e9u sustentou que n\u00e3o houve ato il\u00edcito de sua parte e que n\u00e3o havia prova do nexo causal entre sua conduta e o dano alegado pelo autor da a\u00e7\u00e3o que tinha sofrido o acidente.<\/p>\n\n\n\n<!--more-->\n\n\n\n<p class=\"has-text-align-justify\">O juiz reconheceu a <strong>aus\u00eancia <\/strong>de culpa do r\u00e9u com base no artigo 373 do CPC que foi uma das preliminares arguidas pela defesa e foi crucial para a vit\u00f3ria do promovido, conforme o artigo 330, inciso I, do C\u00f3digo de Processo Civil. No m\u00e9rito, o escrit\u00f3rio de advocacia &#8220;Marques da Costa&#8221; que defendeu os interesses do R\u00e9u que havia batido na traseira do autor, teve por base o princ\u00edpio da responsabilidade civil aquiliana com base nos artigos 186 do C\u00f3digo Civil e 13 do C\u00f3digo Penal, para que assim fosse demonstrada a aus\u00eancia de culpa e de provas.<\/p>\n\n\n\n<p class=\"has-text-align-justify\">Assim, o advogado Dr. Vitor Bruno Marques da Costa que defendeu os interesses do r\u00e9u explica que:<\/p>\n\n\n\n<p class=\"has-text-align-justify\">&#8220;<strong>nem sempre o condutor que colide na traseira de outro ve\u00edculo \u00e9 automaticamente considerado culpado.<\/strong> <em>Segundo a legisla\u00e7\u00e3o e a doutrina jur\u00eddica, a responsabilidade civil por acidentes de tr\u00e2nsito deve ser avaliada considerando-se diversos fatores, como a culpa, o nexo causal e a aus\u00eancia de provas. O C\u00f3digo Civil, em seu artigo 186, estabelece que aquele que, por a\u00e7\u00e3o ou omiss\u00e3o volunt\u00e1ria, neglig\u00eancia ou imprud\u00eancia, causar dano a outrem, fica obrigado a repar\u00e1-lo. No entanto, o artigo 13 do C\u00f3digo Penal ressalva que n\u00e3o h\u00e1 crime quando o agente pratica o fato em estado de necessidade, em leg\u00edtima defesa, em estrito cumprimento de dever legal ou no exerc\u00edcio regular de direito. Al\u00e9m disso, o artigo 373 do C\u00f3digo de Processo Civil determina que cabe ao autor provar os fatos que alega, enquanto o r\u00e9u deve provar os fatos que constituem sua defesa. <strong>Essas normas legais e princ\u00edpios do direito respaldam a possibilidade de o r\u00e9u ser absolvido em casos de colis\u00e3o traseira, quando n\u00e3o h\u00e1 comprova\u00e7\u00e3o de sua culpa ou do nexo causal entre sua conduta e o dano ocorrido.&#8221;<\/strong><\/em><\/p>\n\n\n\n<p class=\"has-text-align-justify\">O desfecho do processo tramitou nos Juizados Especiais de Pinhais\/PR, sob os autos de n\u00ba 0008521-47.2019.8.16.0033.<\/p>\n\n\n\n<hr class=\"wp-block-separator has-alpha-channel-opacity\"\/>\n\n\n\n<p>Marques da Costa \u2013 Advocacia e Consultoria Jur\u00eddica<br>Sociedade Ind. de Advocacia n\u00ba 14.373 OAB\/PR<br>CNPJ n\u00ba 47.937.138\/0001-85<br>Advogado Respons\u00e1vel Dr. Vitor Bruno Marques da Costa n\u00ba 94.762 OAB\/PR<br><strong><a href=\"https:\/\/api.whatsapp.com\/send\/?phone=5541996233229&amp;text=Ol%C3%A1%2C+estou+precisando+de+um+advogado+e+venho+do+site+de+Advocacia+Marques+da+Costa.&amp;type=phone_number&amp;app_absent=0\">(41) 99623-3229<\/a>&nbsp;| 4042-1448 |&nbsp;<\/strong><em>atendimento@advogadosmc.com.br<\/em><\/p>\n","protected":false},"excerpt":{"rendered":"<p>O autor da a\u00e7\u00e3o alegava que o r\u00e9u havia batido na traseira de seu ve\u00edculo, buscando indeniza\u00e7\u00e3o de R$ 4.361,00 pelos danos que alegava ter sofrido. Assim ajuizou a\u00e7\u00e3o judicial de perdas e danos decorrentes de um suposto acidente de tr\u00e2nsito. Mas acontece que foi quem bateu atr\u00e1s que ganhou essa a\u00e7\u00e3o e n\u00e3o precisou<\/p><\/div>\n<div class=\"blog-btn\"><a href=\"https:\/\/advogadosmc.com.br\/?p=711\" class=\"home-blog-btn\">Ler mais<\/a><\/p>\n","protected":false},"author":1,"featured_media":0,"comment_status":"closed","ping_status":"open","sticky":false,"template":"","format":"standard","meta":{"ngg_post_thumbnail":0,"_jetpack_memberships_contains_paid_content":false,"footnotes":""},"categories":[7,35,16],"tags":[166,207,172,179,205,204,163,38,206,17],"class_list":["post-711","post","type-post","status-publish","format-standard","hentry","category-criminal","category-indenizatoria","category-responsabilidade-civil","tag-acidente-de-transito","tag-advogado-de-transito","tag-batida-de-carro","tag-codigo-civil","tag-colisao-traseira","tag-culpa-no-transito","tag-defesa-juridica","tag-direito-civil","tag-justica-no-transito","tag-responsabilidade-civil"],"yoast_head":"<!-- This site is optimized with the Yoast SEO plugin v27.4 - https:\/\/yoast.com\/product\/yoast-seo-wordpress\/ -->\n<title>Colis\u00e3o na Traseira: Nem Sempre Quem Bate Atr\u00e1s \u00e9 Respons\u00e1vel. - Marques da Costa Advogados<\/title>\n<meta name=\"description\" content=\"Responsabilidade em casos de acidentes de tr\u00e2nsito, incluindo colis\u00f5es traseiras. R\u00e9u que bateu atr\u00e1s de ve\u00edculo vence a\u00e7\u00e3o.\" \/>\n<meta name=\"robots\" content=\"index, follow, max-snippet:-1, max-image-preview:large, max-video-preview:-1\" \/>\n<link rel=\"canonical\" href=\"https:\/\/advogadosmc.com.br\/?p=711\" \/>\n<meta property=\"og:locale\" content=\"pt_BR\" \/>\n<meta property=\"og:type\" content=\"article\" \/>\n<meta property=\"og:title\" content=\"Colis\u00e3o na Traseira: Nem Sempre Quem Bate Atr\u00e1s \u00e9 Respons\u00e1vel. - Marques da Costa Advogados\" \/>\n<meta property=\"og:description\" content=\"Responsabilidade em casos de acidentes de tr\u00e2nsito, incluindo colis\u00f5es traseiras. R\u00e9u que bateu atr\u00e1s de ve\u00edculo vence a\u00e7\u00e3o.\" \/>\n<meta property=\"og:url\" content=\"https:\/\/advogadosmc.com.br\/?p=711\" \/>\n<meta property=\"og:site_name\" content=\"Marques da Costa Advogados\" \/>\n<meta property=\"article:published_time\" content=\"2024-04-03T06:00:19+00:00\" \/>\n<meta property=\"article:modified_time\" content=\"2024-04-03T06:00:20+00:00\" \/>\n<meta name=\"author\" content=\"mc\" \/>\n<meta name=\"twitter:card\" content=\"summary_large_image\" \/>\n<meta name=\"twitter:label1\" content=\"Escrito por\" \/>\n\t<meta name=\"twitter:data1\" content=\"mc\" \/>\n\t<meta name=\"twitter:label2\" content=\"Est. tempo de leitura\" \/>\n\t<meta name=\"twitter:data2\" content=\"3 minutos\" \/>\n<script type=\"application\/ld+json\" class=\"yoast-schema-graph\">{\"@context\":\"https:\\\/\\\/schema.org\",\"@graph\":[{\"@type\":\"Article\",\"@id\":\"https:\\\/\\\/advogadosmc.com.br\\\/?p=711#article\",\"isPartOf\":{\"@id\":\"https:\\\/\\\/advogadosmc.com.br\\\/?p=711\"},\"author\":{\"name\":\"mc\",\"@id\":\"https:\\\/\\\/advogadosmc.com.br\\\/#\\\/schema\\\/person\\\/fd85bb7cc9e2a96647c1c05c33f00169\"},\"headline\":\"Colis\u00e3o na Traseira: Nem Sempre Quem Bate Atr\u00e1s \u00e9 Respons\u00e1vel.\",\"datePublished\":\"2024-04-03T06:00:19+00:00\",\"dateModified\":\"2024-04-03T06:00:20+00:00\",\"mainEntityOfPage\":{\"@id\":\"https:\\\/\\\/advogadosmc.com.br\\\/?p=711\"},\"wordCount\":498,\"publisher\":{\"@id\":\"https:\\\/\\\/advogadosmc.com.br\\\/#\\\/schema\\\/person\\\/fd85bb7cc9e2a96647c1c05c33f00169\"},\"keywords\":[\"Acidente de tr\u00e2nsito\",\"Advogado de tr\u00e2nsito\",\"Batida de carro\",\"C\u00f3digo Civil\",\"Colis\u00e3o traseira\",\"Culpa no tr\u00e2nsito\",\"Defesa jur\u00eddica\",\"direito civil\",\"Justi\u00e7a no tr\u00e2nsito\",\"responsabilidade civil\"],\"articleSection\":[\"Criminal\",\"Indenizatoria\",\"Responsabilidade Civil\"],\"inLanguage\":\"pt-BR\"},{\"@type\":\"WebPage\",\"@id\":\"https:\\\/\\\/advogadosmc.com.br\\\/?p=711\",\"url\":\"https:\\\/\\\/advogadosmc.com.br\\\/?p=711\",\"name\":\"Colis\u00e3o na Traseira: Nem Sempre Quem Bate Atr\u00e1s \u00e9 Respons\u00e1vel. - Marques da Costa Advogados\",\"isPartOf\":{\"@id\":\"https:\\\/\\\/advogadosmc.com.br\\\/#website\"},\"datePublished\":\"2024-04-03T06:00:19+00:00\",\"dateModified\":\"2024-04-03T06:00:20+00:00\",\"description\":\"Responsabilidade em casos de acidentes de tr\u00e2nsito, incluindo colis\u00f5es traseiras. R\u00e9u que bateu atr\u00e1s de ve\u00edculo vence a\u00e7\u00e3o.\",\"breadcrumb\":{\"@id\":\"https:\\\/\\\/advogadosmc.com.br\\\/?p=711#breadcrumb\"},\"inLanguage\":\"pt-BR\",\"potentialAction\":[{\"@type\":\"ReadAction\",\"target\":[\"https:\\\/\\\/advogadosmc.com.br\\\/?p=711\"]}]},{\"@type\":\"BreadcrumbList\",\"@id\":\"https:\\\/\\\/advogadosmc.com.br\\\/?p=711#breadcrumb\",\"itemListElement\":[{\"@type\":\"ListItem\",\"position\":1,\"name\":\"In\u00edcio\",\"item\":\"https:\\\/\\\/advogadosmc.com.br\\\/\"},{\"@type\":\"ListItem\",\"position\":2,\"name\":\"Colis\u00e3o na Traseira: Nem Sempre Quem Bate Atr\u00e1s \u00e9 Respons\u00e1vel.\"}]},{\"@type\":\"WebSite\",\"@id\":\"https:\\\/\\\/advogadosmc.com.br\\\/#website\",\"url\":\"https:\\\/\\\/advogadosmc.com.br\\\/\",\"name\":\"Marques da Costa Advogados\",\"description\":\"(41) 99623-3229 | 4042-1448 | atendimento@advogadosmc.com.br\",\"publisher\":{\"@id\":\"https:\\\/\\\/advogadosmc.com.br\\\/#\\\/schema\\\/person\\\/fd85bb7cc9e2a96647c1c05c33f00169\"},\"potentialAction\":[{\"@type\":\"SearchAction\",\"target\":{\"@type\":\"EntryPoint\",\"urlTemplate\":\"https:\\\/\\\/advogadosmc.com.br\\\/?s={search_term_string}\"},\"query-input\":{\"@type\":\"PropertyValueSpecification\",\"valueRequired\":true,\"valueName\":\"search_term_string\"}}],\"inLanguage\":\"pt-BR\"},{\"@type\":[\"Person\",\"Organization\"],\"@id\":\"https:\\\/\\\/advogadosmc.com.br\\\/#\\\/schema\\\/person\\\/fd85bb7cc9e2a96647c1c05c33f00169\",\"name\":\"mc\",\"image\":{\"@type\":\"ImageObject\",\"inLanguage\":\"pt-BR\",\"@id\":\"http:\\\/\\\/advogadosmc.com.br\\\/wp-content\\\/uploads\\\/2018\\\/10\\\/Logo-03-1024x655.png\",\"url\":\"http:\\\/\\\/advogadosmc.com.br\\\/wp-content\\\/uploads\\\/2018\\\/10\\\/Logo-03-1024x655.png\",\"contentUrl\":\"http:\\\/\\\/advogadosmc.com.br\\\/wp-content\\\/uploads\\\/2018\\\/10\\\/Logo-03-1024x655.png\",\"width\":1024,\"height\":655,\"caption\":\"mc\"},\"logo\":{\"@id\":\"http:\\\/\\\/advogadosmc.com.br\\\/wp-content\\\/uploads\\\/2018\\\/10\\\/Logo-03-1024x655.png\"}}]}<\/script>\n<!-- \/ Yoast SEO plugin. -->","yoast_head_json":{"title":"Colis\u00e3o na Traseira: Nem Sempre Quem Bate Atr\u00e1s \u00e9 Respons\u00e1vel. - Marques da Costa Advogados","description":"Responsabilidade em casos de acidentes de tr\u00e2nsito, incluindo colis\u00f5es traseiras. R\u00e9u que bateu atr\u00e1s de ve\u00edculo vence a\u00e7\u00e3o.","robots":{"index":"index","follow":"follow","max-snippet":"max-snippet:-1","max-image-preview":"max-image-preview:large","max-video-preview":"max-video-preview:-1"},"canonical":"https:\/\/advogadosmc.com.br\/?p=711","og_locale":"pt_BR","og_type":"article","og_title":"Colis\u00e3o na Traseira: Nem Sempre Quem Bate Atr\u00e1s \u00e9 Respons\u00e1vel. - Marques da Costa Advogados","og_description":"Responsabilidade em casos de acidentes de tr\u00e2nsito, incluindo colis\u00f5es traseiras. R\u00e9u que bateu atr\u00e1s de ve\u00edculo vence a\u00e7\u00e3o.","og_url":"https:\/\/advogadosmc.com.br\/?p=711","og_site_name":"Marques da Costa Advogados","article_published_time":"2024-04-03T06:00:19+00:00","article_modified_time":"2024-04-03T06:00:20+00:00","author":"mc","twitter_card":"summary_large_image","twitter_misc":{"Escrito por":"mc","Est. tempo de leitura":"3 minutos"},"schema":{"@context":"https:\/\/schema.org","@graph":[{"@type":"Article","@id":"https:\/\/advogadosmc.com.br\/?p=711#article","isPartOf":{"@id":"https:\/\/advogadosmc.com.br\/?p=711"},"author":{"name":"mc","@id":"https:\/\/advogadosmc.com.br\/#\/schema\/person\/fd85bb7cc9e2a96647c1c05c33f00169"},"headline":"Colis\u00e3o na Traseira: Nem Sempre Quem Bate Atr\u00e1s \u00e9 Respons\u00e1vel.","datePublished":"2024-04-03T06:00:19+00:00","dateModified":"2024-04-03T06:00:20+00:00","mainEntityOfPage":{"@id":"https:\/\/advogadosmc.com.br\/?p=711"},"wordCount":498,"publisher":{"@id":"https:\/\/advogadosmc.com.br\/#\/schema\/person\/fd85bb7cc9e2a96647c1c05c33f00169"},"keywords":["Acidente de tr\u00e2nsito","Advogado de tr\u00e2nsito","Batida de carro","C\u00f3digo Civil","Colis\u00e3o traseira","Culpa no tr\u00e2nsito","Defesa jur\u00eddica","direito civil","Justi\u00e7a no tr\u00e2nsito","responsabilidade civil"],"articleSection":["Criminal","Indenizatoria","Responsabilidade Civil"],"inLanguage":"pt-BR"},{"@type":"WebPage","@id":"https:\/\/advogadosmc.com.br\/?p=711","url":"https:\/\/advogadosmc.com.br\/?p=711","name":"Colis\u00e3o na Traseira: Nem Sempre Quem Bate Atr\u00e1s \u00e9 Respons\u00e1vel. - Marques da Costa Advogados","isPartOf":{"@id":"https:\/\/advogadosmc.com.br\/#website"},"datePublished":"2024-04-03T06:00:19+00:00","dateModified":"2024-04-03T06:00:20+00:00","description":"Responsabilidade em casos de acidentes de tr\u00e2nsito, incluindo colis\u00f5es traseiras. R\u00e9u que bateu atr\u00e1s de ve\u00edculo vence a\u00e7\u00e3o.","breadcrumb":{"@id":"https:\/\/advogadosmc.com.br\/?p=711#breadcrumb"},"inLanguage":"pt-BR","potentialAction":[{"@type":"ReadAction","target":["https:\/\/advogadosmc.com.br\/?p=711"]}]},{"@type":"BreadcrumbList","@id":"https:\/\/advogadosmc.com.br\/?p=711#breadcrumb","itemListElement":[{"@type":"ListItem","position":1,"name":"In\u00edcio","item":"https:\/\/advogadosmc.com.br\/"},{"@type":"ListItem","position":2,"name":"Colis\u00e3o na Traseira: Nem Sempre Quem Bate Atr\u00e1s \u00e9 Respons\u00e1vel."}]},{"@type":"WebSite","@id":"https:\/\/advogadosmc.com.br\/#website","url":"https:\/\/advogadosmc.com.br\/","name":"Marques da Costa Advogados","description":"(41) 99623-3229 | 4042-1448 | atendimento@advogadosmc.com.br","publisher":{"@id":"https:\/\/advogadosmc.com.br\/#\/schema\/person\/fd85bb7cc9e2a96647c1c05c33f00169"},"potentialAction":[{"@type":"SearchAction","target":{"@type":"EntryPoint","urlTemplate":"https:\/\/advogadosmc.com.br\/?s={search_term_string}"},"query-input":{"@type":"PropertyValueSpecification","valueRequired":true,"valueName":"search_term_string"}}],"inLanguage":"pt-BR"},{"@type":["Person","Organization"],"@id":"https:\/\/advogadosmc.com.br\/#\/schema\/person\/fd85bb7cc9e2a96647c1c05c33f00169","name":"mc","image":{"@type":"ImageObject","inLanguage":"pt-BR","@id":"http:\/\/advogadosmc.com.br\/wp-content\/uploads\/2018\/10\/Logo-03-1024x655.png","url":"http:\/\/advogadosmc.com.br\/wp-content\/uploads\/2018\/10\/Logo-03-1024x655.png","contentUrl":"http:\/\/advogadosmc.com.br\/wp-content\/uploads\/2018\/10\/Logo-03-1024x655.png","width":1024,"height":655,"caption":"mc"},"logo":{"@id":"http:\/\/advogadosmc.com.br\/wp-content\/uploads\/2018\/10\/Logo-03-1024x655.png"}}]}},"jetpack_featured_media_url":"","jetpack_sharing_enabled":true,"jetpack_likes_enabled":true,"_links":{"self":[{"href":"https:\/\/advogadosmc.com.br\/index.php?rest_route=\/wp\/v2\/posts\/711","targetHints":{"allow":["GET"]}}],"collection":[{"href":"https:\/\/advogadosmc.com.br\/index.php?rest_route=\/wp\/v2\/posts"}],"about":[{"href":"https:\/\/advogadosmc.com.br\/index.php?rest_route=\/wp\/v2\/types\/post"}],"author":[{"embeddable":true,"href":"https:\/\/advogadosmc.com.br\/index.php?rest_route=\/wp\/v2\/users\/1"}],"replies":[{"embeddable":true,"href":"https:\/\/advogadosmc.com.br\/index.php?rest_route=%2Fwp%2Fv2%2Fcomments&post=711"}],"version-history":[{"count":1,"href":"https:\/\/advogadosmc.com.br\/index.php?rest_route=\/wp\/v2\/posts\/711\/revisions"}],"predecessor-version":[{"id":712,"href":"https:\/\/advogadosmc.com.br\/index.php?rest_route=\/wp\/v2\/posts\/711\/revisions\/712"}],"wp:attachment":[{"href":"https:\/\/advogadosmc.com.br\/index.php?rest_route=%2Fwp%2Fv2%2Fmedia&parent=711"}],"wp:term":[{"taxonomy":"category","embeddable":true,"href":"https:\/\/advogadosmc.com.br\/index.php?rest_route=%2Fwp%2Fv2%2Fcategories&post=711"},{"taxonomy":"post_tag","embeddable":true,"href":"https:\/\/advogadosmc.com.br\/index.php?rest_route=%2Fwp%2Fv2%2Ftags&post=711"}],"curies":[{"name":"wp","href":"https:\/\/api.w.org\/{rel}","templated":true}]}}