{"id":715,"date":"2024-04-03T03:43:56","date_gmt":"2024-04-03T06:43:56","guid":{"rendered":"https:\/\/advogadosmc.com.br\/?p=715"},"modified":"2024-04-03T03:44:20","modified_gmt":"2024-04-03T06:44:20","slug":"absolvicao-sumaria-reu-acusado-furto","status":"publish","type":"post","link":"https:\/\/advogadosmc.com.br\/?p=715","title":{"rendered":"Absolvi\u00e7\u00e3o Sum\u00e1ria: R\u00e9u Acusado de Furto \u00e9 Liberado Pela Justi\u00e7a."},"content":{"rendered":"\n<p class=\"has-text-align-justify\">O<strong> r\u00e9u acusado de furto foi absolvido sumariamente, resultando no arquivamento do processo e sua consequente liberdade.<\/strong> A den\u00fancia alegava que o r\u00e9u agiu dolosamente ao subtrair uma bolsa feminina e um celular, totalizando R$ 600,00. A <strong>senten\u00e7a de absolvi\u00e7\u00e3o se baseou no princ\u00edpio da insignific\u00e2ncia<\/strong>, considerando o crime como <strong>bagatelar devido ao preju\u00edzo \u00ednfimo \u00e0 v\u00edtima<\/strong>, incapaz de afetar o bem jur\u00eddico tutelado. Isso configura uma excludente de tipicidade, onde a conduta n\u00e3o merece aprecia\u00e7\u00e3o jurisdicional por sua<strong> irrelev\u00e2ncia social.<\/strong><\/p>\n\n\n\n<!--more-->\n\n\n\n<p class=\"has-text-align-justify\">A absolvi\u00e7\u00e3o sum\u00e1ria, conforme previsto no artigo 397, inciso III, do CPP, ocorre quando a den\u00fancia n\u00e3o descreve fato constitutivo do crime, tornando-a improcedente de plano. Nesse contexto, <strong>o r\u00e9u \u00e9 inocentado sem a necessidade de um processo mais aprofundado. <\/strong><\/p>\n\n\n\n<p>O advogado que defendeu o r\u00e9u, Dr. Vitor Bruno Marques da Costa, explica que:<\/p>\n\n\n\n<p class=\"has-text-align-justify\"><em>&#8220;A absolvi\u00e7\u00e3o sum\u00e1ria ocorre quando, durante o processo criminal, o juiz decide pela inoc\u00eancia do r\u00e9u sem a necessidade de um julgamento completo. \u00c9 como se o magistrado dissesse: &#8220;N\u00e3o h\u00e1 motivo para continuarmos com este processo, pois n\u00e3o h\u00e1 elementos suficientes para condenar o r\u00e9u&#8221;. Isso pode acontecer quando se verifica que a acusa\u00e7\u00e3o n\u00e3o tem fundamento legal ou que os fatos narrados n\u00e3o configuram um crime. Essa decis\u00e3o \u00e9 baseada em princ\u00edpios como o da insignific\u00e2ncia, que considera que certos atos s\u00e3o t\u00e3o pequenos que n\u00e3o merecem puni\u00e7\u00e3o. A absolvi\u00e7\u00e3o sum\u00e1ria \u00e9 um importante instrumento para proteger os direitos dos acusados e garantir a justi\u00e7a no sistema jur\u00eddico.&#8221;<\/em><\/p>\n\n\n\n<p class=\"has-text-align-justify\">O processo tramitou na 10\u00aa Vara Criminal\/PR sob os autos de n\u00ba 0009697-24.2019.8.16.0013.<\/p>\n\n\n\n<hr class=\"wp-block-separator has-alpha-channel-opacity\"\/>\n\n\n\n<p>Marques da Costa \u2013 Advocacia e Consultoria Jur\u00eddica<br>Sociedade Ind. de Advocacia n\u00ba 14.373 OAB\/PR<br>CNPJ n\u00ba 47.937.138\/0001-85<br>Advogado Respons\u00e1vel Dr. Vitor Bruno Marques da Costa n\u00ba 94.762 OAB\/PR<br><strong><a href=\"https:\/\/api.whatsapp.com\/send\/?phone=5541996233229&amp;text=Ol%C3%A1%2C+estou+precisando+de+um+advogado+e+venho+do+site+de+Advocacia+Marques+da+Costa.&amp;type=phone_number&amp;app_absent=0\">(41) 99623-3229<\/a>&nbsp;| 4042-1448 |&nbsp;<\/strong><em>atendimento@advogadosmc.com.br<\/em><\/p>\n","protected":false},"excerpt":{"rendered":"<p>O r\u00e9u acusado de furto foi absolvido sumariamente, resultando no arquivamento do processo e sua consequente liberdade. A den\u00fancia alegava que o r\u00e9u agiu dolosamente ao subtrair uma bolsa feminina e um celular, totalizando R$ 600,00. A senten\u00e7a de absolvi\u00e7\u00e3o se baseou no princ\u00edpio da insignific\u00e2ncia, considerando o crime como bagatelar devido ao preju\u00edzo \u00ednfimo<\/p><\/div>\n<div class=\"blog-btn\"><a href=\"https:\/\/advogadosmc.com.br\/?p=715\" class=\"home-blog-btn\">Ler mais<\/a><\/p>\n","protected":false},"author":1,"featured_media":0,"comment_status":"closed","ping_status":"open","sticky":false,"template":"","format":"standard","meta":{"ngg_post_thumbnail":0,"_jetpack_memberships_contains_paid_content":false,"footnotes":""},"categories":[7],"tags":[220,221,217,163,216,215,203,224,223,190,218,222,219],"class_list":["post-715","post","type-post","status-publish","format-standard","hentry","category-criminal","tag-absolvicao-criminal","tag-absolvicao-sumaria","tag-acusacao-de-furto","tag-defesa-juridica","tag-direitos-do-acusado","tag-excludente-de-tipicidade","tag-furto-e-roubo","tag-principio-da-insignificancia","tag-processo-criminal","tag-processo-penal","tag-reu-absolvido","tag-reu-inocente","tag-reu-livre"],"yoast_head":"<!-- This site is optimized with the Yoast SEO plugin v27.4 - https:\/\/yoast.com\/product\/yoast-seo-wordpress\/ -->\n<title>Absolvi\u00e7\u00e3o Sum\u00e1ria: R\u00e9u Acusado de Furto \u00e9 Liberado Pela Justi\u00e7a. - Marques da Costa Advogados<\/title>\n<meta name=\"description\" content=\"R\u00e9u acusado de furto \u00e9 absolvido e liberado pela justi\u00e7a, em raz\u00e3o da insignific\u00e2ncia da les\u00e3o e por sua irrelev\u00e2ncia social do crime.\" \/>\n<meta name=\"robots\" content=\"index, follow, max-snippet:-1, max-image-preview:large, max-video-preview:-1\" \/>\n<link rel=\"canonical\" href=\"https:\/\/advogadosmc.com.br\/?p=715\" \/>\n<meta property=\"og:locale\" content=\"pt_BR\" \/>\n<meta property=\"og:type\" content=\"article\" \/>\n<meta property=\"og:title\" content=\"Absolvi\u00e7\u00e3o Sum\u00e1ria: R\u00e9u Acusado de Furto \u00e9 Liberado Pela Justi\u00e7a. - Marques da Costa Advogados\" \/>\n<meta property=\"og:description\" content=\"R\u00e9u acusado de furto \u00e9 absolvido e liberado pela justi\u00e7a, em raz\u00e3o da insignific\u00e2ncia da les\u00e3o e por sua irrelev\u00e2ncia social do crime.\" \/>\n<meta property=\"og:url\" content=\"https:\/\/advogadosmc.com.br\/?p=715\" \/>\n<meta property=\"og:site_name\" content=\"Marques da Costa Advogados\" \/>\n<meta property=\"article:published_time\" content=\"2024-04-03T06:43:56+00:00\" \/>\n<meta property=\"article:modified_time\" content=\"2024-04-03T06:44:20+00:00\" \/>\n<meta name=\"author\" content=\"mc\" \/>\n<meta name=\"twitter:card\" content=\"summary_large_image\" \/>\n<meta name=\"twitter:label1\" content=\"Escrito por\" \/>\n\t<meta name=\"twitter:data1\" content=\"mc\" \/>\n\t<meta name=\"twitter:label2\" content=\"Est. tempo de leitura\" \/>\n\t<meta name=\"twitter:data2\" content=\"2 minutos\" \/>\n<script type=\"application\/ld+json\" class=\"yoast-schema-graph\">{\"@context\":\"https:\\\/\\\/schema.org\",\"@graph\":[{\"@type\":\"Article\",\"@id\":\"https:\\\/\\\/advogadosmc.com.br\\\/?p=715#article\",\"isPartOf\":{\"@id\":\"https:\\\/\\\/advogadosmc.com.br\\\/?p=715\"},\"author\":{\"name\":\"mc\",\"@id\":\"https:\\\/\\\/advogadosmc.com.br\\\/#\\\/schema\\\/person\\\/fd85bb7cc9e2a96647c1c05c33f00169\"},\"headline\":\"Absolvi\u00e7\u00e3o Sum\u00e1ria: R\u00e9u Acusado de Furto \u00e9 Liberado Pela Justi\u00e7a.\",\"datePublished\":\"2024-04-03T06:43:56+00:00\",\"dateModified\":\"2024-04-03T06:44:20+00:00\",\"mainEntityOfPage\":{\"@id\":\"https:\\\/\\\/advogadosmc.com.br\\\/?p=715\"},\"wordCount\":340,\"publisher\":{\"@id\":\"https:\\\/\\\/advogadosmc.com.br\\\/#\\\/schema\\\/person\\\/fd85bb7cc9e2a96647c1c05c33f00169\"},\"keywords\":[\"absolvi\u00e7\u00e3o criminal\",\"absolvi\u00e7\u00e3o sum\u00e1ria\",\"acusa\u00e7\u00e3o de furto\",\"Defesa jur\u00eddica\",\"direitos do acusado\",\"excludente de tipicidade\",\"furto e roubo\",\"princ\u00edpio da insignific\u00e2ncia\",\"processo criminal\",\"Processo penal\",\"r\u00e9u absolvido\",\"r\u00e9u inocente\",\"r\u00e9u livre\"],\"articleSection\":[\"Criminal\"],\"inLanguage\":\"pt-BR\"},{\"@type\":\"WebPage\",\"@id\":\"https:\\\/\\\/advogadosmc.com.br\\\/?p=715\",\"url\":\"https:\\\/\\\/advogadosmc.com.br\\\/?p=715\",\"name\":\"Absolvi\u00e7\u00e3o Sum\u00e1ria: R\u00e9u Acusado de Furto \u00e9 Liberado Pela Justi\u00e7a. - Marques da Costa Advogados\",\"isPartOf\":{\"@id\":\"https:\\\/\\\/advogadosmc.com.br\\\/#website\"},\"datePublished\":\"2024-04-03T06:43:56+00:00\",\"dateModified\":\"2024-04-03T06:44:20+00:00\",\"description\":\"R\u00e9u acusado de furto \u00e9 absolvido e liberado pela justi\u00e7a, em raz\u00e3o da insignific\u00e2ncia da les\u00e3o e por sua irrelev\u00e2ncia social do crime.\",\"breadcrumb\":{\"@id\":\"https:\\\/\\\/advogadosmc.com.br\\\/?p=715#breadcrumb\"},\"inLanguage\":\"pt-BR\",\"potentialAction\":[{\"@type\":\"ReadAction\",\"target\":[\"https:\\\/\\\/advogadosmc.com.br\\\/?p=715\"]}]},{\"@type\":\"BreadcrumbList\",\"@id\":\"https:\\\/\\\/advogadosmc.com.br\\\/?p=715#breadcrumb\",\"itemListElement\":[{\"@type\":\"ListItem\",\"position\":1,\"name\":\"In\u00edcio\",\"item\":\"https:\\\/\\\/advogadosmc.com.br\\\/\"},{\"@type\":\"ListItem\",\"position\":2,\"name\":\"Absolvi\u00e7\u00e3o Sum\u00e1ria: R\u00e9u Acusado de Furto \u00e9 Liberado Pela Justi\u00e7a.\"}]},{\"@type\":\"WebSite\",\"@id\":\"https:\\\/\\\/advogadosmc.com.br\\\/#website\",\"url\":\"https:\\\/\\\/advogadosmc.com.br\\\/\",\"name\":\"Marques da Costa Advogados\",\"description\":\"(41) 99623-3229 | 4042-1448 | atendimento@advogadosmc.com.br\",\"publisher\":{\"@id\":\"https:\\\/\\\/advogadosmc.com.br\\\/#\\\/schema\\\/person\\\/fd85bb7cc9e2a96647c1c05c33f00169\"},\"potentialAction\":[{\"@type\":\"SearchAction\",\"target\":{\"@type\":\"EntryPoint\",\"urlTemplate\":\"https:\\\/\\\/advogadosmc.com.br\\\/?s={search_term_string}\"},\"query-input\":{\"@type\":\"PropertyValueSpecification\",\"valueRequired\":true,\"valueName\":\"search_term_string\"}}],\"inLanguage\":\"pt-BR\"},{\"@type\":[\"Person\",\"Organization\"],\"@id\":\"https:\\\/\\\/advogadosmc.com.br\\\/#\\\/schema\\\/person\\\/fd85bb7cc9e2a96647c1c05c33f00169\",\"name\":\"mc\",\"image\":{\"@type\":\"ImageObject\",\"inLanguage\":\"pt-BR\",\"@id\":\"http:\\\/\\\/advogadosmc.com.br\\\/wp-content\\\/uploads\\\/2018\\\/10\\\/Logo-03-1024x655.png\",\"url\":\"http:\\\/\\\/advogadosmc.com.br\\\/wp-content\\\/uploads\\\/2018\\\/10\\\/Logo-03-1024x655.png\",\"contentUrl\":\"http:\\\/\\\/advogadosmc.com.br\\\/wp-content\\\/uploads\\\/2018\\\/10\\\/Logo-03-1024x655.png\",\"width\":1024,\"height\":655,\"caption\":\"mc\"},\"logo\":{\"@id\":\"http:\\\/\\\/advogadosmc.com.br\\\/wp-content\\\/uploads\\\/2018\\\/10\\\/Logo-03-1024x655.png\"}}]}<\/script>\n<!-- \/ Yoast SEO plugin. -->","yoast_head_json":{"title":"Absolvi\u00e7\u00e3o Sum\u00e1ria: R\u00e9u Acusado de Furto \u00e9 Liberado Pela Justi\u00e7a. - Marques da Costa Advogados","description":"R\u00e9u acusado de furto \u00e9 absolvido e liberado pela justi\u00e7a, em raz\u00e3o da insignific\u00e2ncia da les\u00e3o e por sua irrelev\u00e2ncia social do crime.","robots":{"index":"index","follow":"follow","max-snippet":"max-snippet:-1","max-image-preview":"max-image-preview:large","max-video-preview":"max-video-preview:-1"},"canonical":"https:\/\/advogadosmc.com.br\/?p=715","og_locale":"pt_BR","og_type":"article","og_title":"Absolvi\u00e7\u00e3o Sum\u00e1ria: R\u00e9u Acusado de Furto \u00e9 Liberado Pela Justi\u00e7a. - Marques da Costa Advogados","og_description":"R\u00e9u acusado de furto \u00e9 absolvido e liberado pela justi\u00e7a, em raz\u00e3o da insignific\u00e2ncia da les\u00e3o e por sua irrelev\u00e2ncia social do crime.","og_url":"https:\/\/advogadosmc.com.br\/?p=715","og_site_name":"Marques da Costa Advogados","article_published_time":"2024-04-03T06:43:56+00:00","article_modified_time":"2024-04-03T06:44:20+00:00","author":"mc","twitter_card":"summary_large_image","twitter_misc":{"Escrito por":"mc","Est. tempo de leitura":"2 minutos"},"schema":{"@context":"https:\/\/schema.org","@graph":[{"@type":"Article","@id":"https:\/\/advogadosmc.com.br\/?p=715#article","isPartOf":{"@id":"https:\/\/advogadosmc.com.br\/?p=715"},"author":{"name":"mc","@id":"https:\/\/advogadosmc.com.br\/#\/schema\/person\/fd85bb7cc9e2a96647c1c05c33f00169"},"headline":"Absolvi\u00e7\u00e3o Sum\u00e1ria: R\u00e9u Acusado de Furto \u00e9 Liberado Pela Justi\u00e7a.","datePublished":"2024-04-03T06:43:56+00:00","dateModified":"2024-04-03T06:44:20+00:00","mainEntityOfPage":{"@id":"https:\/\/advogadosmc.com.br\/?p=715"},"wordCount":340,"publisher":{"@id":"https:\/\/advogadosmc.com.br\/#\/schema\/person\/fd85bb7cc9e2a96647c1c05c33f00169"},"keywords":["absolvi\u00e7\u00e3o criminal","absolvi\u00e7\u00e3o sum\u00e1ria","acusa\u00e7\u00e3o de furto","Defesa jur\u00eddica","direitos do acusado","excludente de tipicidade","furto e roubo","princ\u00edpio da insignific\u00e2ncia","processo criminal","Processo penal","r\u00e9u absolvido","r\u00e9u inocente","r\u00e9u livre"],"articleSection":["Criminal"],"inLanguage":"pt-BR"},{"@type":"WebPage","@id":"https:\/\/advogadosmc.com.br\/?p=715","url":"https:\/\/advogadosmc.com.br\/?p=715","name":"Absolvi\u00e7\u00e3o Sum\u00e1ria: R\u00e9u Acusado de Furto \u00e9 Liberado Pela Justi\u00e7a. - Marques da Costa Advogados","isPartOf":{"@id":"https:\/\/advogadosmc.com.br\/#website"},"datePublished":"2024-04-03T06:43:56+00:00","dateModified":"2024-04-03T06:44:20+00:00","description":"R\u00e9u acusado de furto \u00e9 absolvido e liberado pela justi\u00e7a, em raz\u00e3o da insignific\u00e2ncia da les\u00e3o e por sua irrelev\u00e2ncia social do crime.","breadcrumb":{"@id":"https:\/\/advogadosmc.com.br\/?p=715#breadcrumb"},"inLanguage":"pt-BR","potentialAction":[{"@type":"ReadAction","target":["https:\/\/advogadosmc.com.br\/?p=715"]}]},{"@type":"BreadcrumbList","@id":"https:\/\/advogadosmc.com.br\/?p=715#breadcrumb","itemListElement":[{"@type":"ListItem","position":1,"name":"In\u00edcio","item":"https:\/\/advogadosmc.com.br\/"},{"@type":"ListItem","position":2,"name":"Absolvi\u00e7\u00e3o Sum\u00e1ria: R\u00e9u Acusado de Furto \u00e9 Liberado Pela Justi\u00e7a."}]},{"@type":"WebSite","@id":"https:\/\/advogadosmc.com.br\/#website","url":"https:\/\/advogadosmc.com.br\/","name":"Marques da Costa Advogados","description":"(41) 99623-3229 | 4042-1448 | atendimento@advogadosmc.com.br","publisher":{"@id":"https:\/\/advogadosmc.com.br\/#\/schema\/person\/fd85bb7cc9e2a96647c1c05c33f00169"},"potentialAction":[{"@type":"SearchAction","target":{"@type":"EntryPoint","urlTemplate":"https:\/\/advogadosmc.com.br\/?s={search_term_string}"},"query-input":{"@type":"PropertyValueSpecification","valueRequired":true,"valueName":"search_term_string"}}],"inLanguage":"pt-BR"},{"@type":["Person","Organization"],"@id":"https:\/\/advogadosmc.com.br\/#\/schema\/person\/fd85bb7cc9e2a96647c1c05c33f00169","name":"mc","image":{"@type":"ImageObject","inLanguage":"pt-BR","@id":"http:\/\/advogadosmc.com.br\/wp-content\/uploads\/2018\/10\/Logo-03-1024x655.png","url":"http:\/\/advogadosmc.com.br\/wp-content\/uploads\/2018\/10\/Logo-03-1024x655.png","contentUrl":"http:\/\/advogadosmc.com.br\/wp-content\/uploads\/2018\/10\/Logo-03-1024x655.png","width":1024,"height":655,"caption":"mc"},"logo":{"@id":"http:\/\/advogadosmc.com.br\/wp-content\/uploads\/2018\/10\/Logo-03-1024x655.png"}}]}},"jetpack_featured_media_url":"","jetpack_sharing_enabled":true,"jetpack_likes_enabled":true,"_links":{"self":[{"href":"https:\/\/advogadosmc.com.br\/index.php?rest_route=\/wp\/v2\/posts\/715","targetHints":{"allow":["GET"]}}],"collection":[{"href":"https:\/\/advogadosmc.com.br\/index.php?rest_route=\/wp\/v2\/posts"}],"about":[{"href":"https:\/\/advogadosmc.com.br\/index.php?rest_route=\/wp\/v2\/types\/post"}],"author":[{"embeddable":true,"href":"https:\/\/advogadosmc.com.br\/index.php?rest_route=\/wp\/v2\/users\/1"}],"replies":[{"embeddable":true,"href":"https:\/\/advogadosmc.com.br\/index.php?rest_route=%2Fwp%2Fv2%2Fcomments&post=715"}],"version-history":[{"count":2,"href":"https:\/\/advogadosmc.com.br\/index.php?rest_route=\/wp\/v2\/posts\/715\/revisions"}],"predecessor-version":[{"id":717,"href":"https:\/\/advogadosmc.com.br\/index.php?rest_route=\/wp\/v2\/posts\/715\/revisions\/717"}],"wp:attachment":[{"href":"https:\/\/advogadosmc.com.br\/index.php?rest_route=%2Fwp%2Fv2%2Fmedia&parent=715"}],"wp:term":[{"taxonomy":"category","embeddable":true,"href":"https:\/\/advogadosmc.com.br\/index.php?rest_route=%2Fwp%2Fv2%2Fcategories&post=715"},{"taxonomy":"post_tag","embeddable":true,"href":"https:\/\/advogadosmc.com.br\/index.php?rest_route=%2Fwp%2Fv2%2Ftags&post=715"}],"curies":[{"name":"wp","href":"https:\/\/api.w.org\/{rel}","templated":true}]}}