{"id":718,"date":"2024-04-03T04:18:19","date_gmt":"2024-04-03T07:18:19","guid":{"rendered":"https:\/\/advogadosmc.com.br\/?p=718"},"modified":"2024-04-03T04:19:42","modified_gmt":"2024-04-03T07:19:42","slug":"acidente-transito-indenizacao-colisao-traseira","status":"publish","type":"post","link":"https:\/\/advogadosmc.com.br\/?p=718","title":{"rendered":"Motorista \u00e9 Indenizada Ap\u00f3s Colis\u00e3o Entre Tr\u00eas Ve\u00edculos"},"content":{"rendered":"\n<p class=\"has-text-align-justify\"><strong>A motorista (autora) que moveu a a\u00e7\u00e3o judicial havia batido seu ve\u00edculo atr\u00e1s de um carro em raz\u00e3o que outro ve\u00edculo havia batido na sua traseira<\/strong>, portanto, houveram tr\u00eas ve\u00edculos no acidente de tr\u00e2nsito. <strong>A Autora saiu vitoriosa na a\u00e7\u00e3o judicial e recebeu uma indeniza\u00e7\u00e3o total equivalente a R$ 5.365,00,<\/strong> sendo R$ 3.365,00 por senten\u00e7a judicial e tamb\u00e9m um acordo judicial com o outro r\u00e9u envolvido, que resultou em uma compensa\u00e7\u00e3o adicional de R$ 2.000,00. Al\u00e9m disso, um dos r\u00e9us tentou um pedido contraposto por danos morais e materiais, por\u00e9m, n\u00e3o obteve sucesso, <strong>culminando na vit\u00f3ria da autora contra ambos os r\u00e9us.<\/strong><\/p>\n\n\n\n<!--more-->\n\n\n\n<p class=\"has-text-align-justify\">O caso se tratou de uma a\u00e7\u00e3o com pedido de danos materiais e morais, envolvendo um acidente de tr\u00e2nsito. Ap\u00f3s an\u00e1lise das partes envolvidas e das evid\u00eancias apresentadas, foi constatado que o r\u00e9u freou bruscamente, causando a colis\u00e3o traseira. A autora demonstrou estar a uma dist\u00e2ncia segura de seu ve\u00edculo, e que a frenagem abrupta do r\u00e9u foi a causa direta do acidente. Com base na legisla\u00e7\u00e3o vigente, o ju\u00edzo decidiu pela proced\u00eancia dos pedidos da autora, julgando improcedente o pedido contraposto do r\u00e9u.<\/p>\n\n\n\n<p class=\"has-text-align-justify\">Um pedido contraposto \u00e9 uma a\u00e7\u00e3o judicial em que o r\u00e9u apresenta uma demanda contra o autor da a\u00e7\u00e3o original. Neste caso, os artigos de lei utilizados na senten\u00e7a foram: o art. 42 do CTB (C\u00f3digo de Tr\u00e2nsito Brasileiro), art. 186 e 927 do CC (C\u00f3digo Civil), e art. 373, II do CPC (C\u00f3digo de Processo Civil). O escrit\u00f3rio &#8220;Marques da Costa&#8221;, respons\u00e1vel pela defesa da autora, fundamentou sua atua\u00e7\u00e3o nos artigos 28, 29 e 34 do CTB, 186 e 927 do CC.<\/p>\n\n\n\n<p>O Advogado, Dr. Vitor Bruno Marques da Costa, explica os referidos artigos de lei que favoreceram a Autora:<\/p>\n\n\n\n<p class=\"has-text-align-justify\"><em>&#8220;O artigo 42 do C\u00f3digo de Tr\u00e2nsito Brasileiro estabelece que todo condutor deve guardar dist\u00e2ncia de seguran\u00e7a em rela\u00e7\u00e3o ao ve\u00edculo que segue \u00e0 sua frente, de forma a evitar colis\u00f5es em caso de paradas bruscas. Essa dist\u00e2ncia de seguran\u00e7a \u00e9 fundamental para garantir a seguran\u00e7a no tr\u00e2nsito e evitar acidentes, como colis\u00f5es traseiras. Os artigos 186 e 927 do C\u00f3digo Civil tratam da responsabilidade civil por danos causados a terceiros. O artigo 186 estabelece que aquele que, por a\u00e7\u00e3o ou omiss\u00e3o volunt\u00e1ria, neglig\u00eancia ou imprud\u00eancia, violar direito ou causar dano a outrem, fica obrigado a reparar o preju\u00edzo. J\u00e1 o artigo 927 complementa que aquele que causar dano a outra pessoa, por sua conduta il\u00edcita, fica obrigado a indenizar. O artigo 373, II do C\u00f3digo de Processo Civil estabelece que incumbe ao r\u00e9u o \u00f4nus de provar os fatos impeditivos, modificativos ou extintivos do direito do autor. Isso significa que cabe ao r\u00e9u apresentar provas que afastem ou alterem os fatos alegados pelo autor da a\u00e7\u00e3o, conforme estabelecido no processo judicial. Os artigos 28, 29 e 34 do C\u00f3digo de Tr\u00e2nsito Brasileiro estabelecem normas e condutas que devem ser seguidas pelos condutores no tr\u00e1fego de ve\u00edculos. O artigo 28 trata da habilita\u00e7\u00e3o para conduzir ve\u00edculo automotor, o 29 disp\u00f5e sobre a responsabilidade do propriet\u00e1rio do ve\u00edculo em rela\u00e7\u00e3o \u00e0s infra\u00e7\u00f5es de tr\u00e2nsito, enquanto o artigo 34 estabelece normas para circula\u00e7\u00e3o e conduta dos ve\u00edculos.&#8221;<\/em><\/p>\n\n\n\n<ol class=\"wp-block-list\"><\/ol>\n\n\n\n<p class=\"has-text-align-justify\">O processo tramitou no Juizado Especial C\u00edvel de Arauc\u00e1ria\/PR sob os autos de n\u00ba 0012793-11.2019.8.16.0025, sendo a autora representada pelo escrit\u00f3rio &#8220;Marques da Costa&#8221;.<\/p>\n\n\n\n<hr class=\"wp-block-separator has-alpha-channel-opacity\"\/>\n\n\n\n<p>Marques da Costa \u2013 Advocacia e Consultoria Jur\u00eddica<br>Sociedade Ind. de Advocacia n\u00ba 14.373 OAB\/PR<br>CNPJ n\u00ba 47.937.138\/0001-85<br>Advogado Respons\u00e1vel Dr. Vitor Bruno Marques da Costa n\u00ba 94.762 OAB\/PR<br><strong><a href=\"https:\/\/api.whatsapp.com\/send\/?phone=5541996233229&amp;text=Ol%C3%A1%2C+estou+precisando+de+um+advogado+e+venho+do+site+de+Advocacia+Marques+da+Costa.&amp;type=phone_number&amp;app_absent=0\">(41) 99623-3229<\/a>&nbsp;| 4042-1448 |&nbsp;<\/strong><em>atendimento@advogadosmc.com.br<\/em><\/p>\n","protected":false},"excerpt":{"rendered":"<p>A motorista (autora) que moveu a a\u00e7\u00e3o judicial havia batido seu ve\u00edculo atr\u00e1s de um carro em raz\u00e3o que outro ve\u00edculo havia batido na sua traseira, portanto, houveram tr\u00eas ve\u00edculos no acidente de tr\u00e2nsito. A Autora saiu vitoriosa na a\u00e7\u00e3o judicial e recebeu uma indeniza\u00e7\u00e3o total equivalente a R$ 5.365,00, sendo R$ 3.365,00 por senten\u00e7a<\/p><\/div>\n<div class=\"blog-btn\"><a href=\"https:\/\/advogadosmc.com.br\/?p=718\" class=\"home-blog-btn\">Ler mais<\/a><\/p>\n","protected":false},"author":1,"featured_media":0,"comment_status":"closed","ping_status":"open","sticky":false,"template":"","format":"standard","meta":{"ngg_post_thumbnail":0,"_jetpack_memberships_contains_paid_content":false,"footnotes":""},"categories":[35,16],"tags":[166,172,227,205,163,98,225,226,17],"class_list":["post-718","post","type-post","status-publish","format-standard","hentry","category-indenizatoria","category-responsabilidade-civil","tag-acidente-de-transito","tag-batida-de-carro","tag-codigo-de-transito-brasileiro","tag-colisao-traseira","tag-defesa-juridica","tag-escritorio-de-advocacia","tag-indenizacao-por-danos-materiais","tag-pedido-contraposto","tag-responsabilidade-civil"],"yoast_head":"<!-- This site is optimized with the Yoast SEO plugin v27.4 - https:\/\/yoast.com\/product\/yoast-seo-wordpress\/ -->\n<title>Motorista \u00e9 Indenizada Ap\u00f3s Colis\u00e3o Entre Tr\u00eas Ve\u00edculos - Marques da Costa Advogados<\/title>\n<meta name=\"description\" content=\"Carro que ficou em tr\u00eas ve\u00edculos ap\u00f3s colis\u00e3o recebe indeniza\u00e7\u00e3o por danos materiais na justi\u00e7a, autora ainda venceu pedido contraposto.\" \/>\n<meta name=\"robots\" content=\"index, follow, max-snippet:-1, max-image-preview:large, max-video-preview:-1\" \/>\n<link rel=\"canonical\" href=\"https:\/\/advogadosmc.com.br\/?p=718\" \/>\n<meta property=\"og:locale\" content=\"pt_BR\" \/>\n<meta property=\"og:type\" content=\"article\" \/>\n<meta property=\"og:title\" content=\"Motorista \u00e9 Indenizada Ap\u00f3s Colis\u00e3o Entre Tr\u00eas Ve\u00edculos - Marques da Costa Advogados\" \/>\n<meta property=\"og:description\" content=\"Carro que ficou em tr\u00eas ve\u00edculos ap\u00f3s colis\u00e3o recebe indeniza\u00e7\u00e3o por danos materiais na justi\u00e7a, autora ainda venceu pedido contraposto.\" \/>\n<meta property=\"og:url\" content=\"https:\/\/advogadosmc.com.br\/?p=718\" \/>\n<meta property=\"og:site_name\" content=\"Marques da Costa Advogados\" \/>\n<meta property=\"article:published_time\" content=\"2024-04-03T07:18:19+00:00\" \/>\n<meta property=\"article:modified_time\" content=\"2024-04-03T07:19:42+00:00\" \/>\n<meta name=\"author\" content=\"mc\" \/>\n<meta name=\"twitter:card\" content=\"summary_large_image\" \/>\n<meta name=\"twitter:label1\" content=\"Escrito por\" \/>\n\t<meta name=\"twitter:data1\" content=\"mc\" \/>\n\t<meta name=\"twitter:label2\" content=\"Est. tempo de leitura\" \/>\n\t<meta name=\"twitter:data2\" content=\"4 minutos\" \/>\n<script type=\"application\/ld+json\" class=\"yoast-schema-graph\">{\"@context\":\"https:\\\/\\\/schema.org\",\"@graph\":[{\"@type\":\"Article\",\"@id\":\"https:\\\/\\\/advogadosmc.com.br\\\/?p=718#article\",\"isPartOf\":{\"@id\":\"https:\\\/\\\/advogadosmc.com.br\\\/?p=718\"},\"author\":{\"name\":\"mc\",\"@id\":\"https:\\\/\\\/advogadosmc.com.br\\\/#\\\/schema\\\/person\\\/fd85bb7cc9e2a96647c1c05c33f00169\"},\"headline\":\"Motorista \u00e9 Indenizada Ap\u00f3s Colis\u00e3o Entre Tr\u00eas Ve\u00edculos\",\"datePublished\":\"2024-04-03T07:18:19+00:00\",\"dateModified\":\"2024-04-03T07:19:42+00:00\",\"mainEntityOfPage\":{\"@id\":\"https:\\\/\\\/advogadosmc.com.br\\\/?p=718\"},\"wordCount\":653,\"publisher\":{\"@id\":\"https:\\\/\\\/advogadosmc.com.br\\\/#\\\/schema\\\/person\\\/fd85bb7cc9e2a96647c1c05c33f00169\"},\"keywords\":[\"Acidente de tr\u00e2nsito\",\"Batida de carro\",\"C\u00f3digo de Tr\u00e2nsito Brasileiro\",\"Colis\u00e3o traseira\",\"Defesa jur\u00eddica\",\"escrit\u00f3rio de advocacia\",\"Indeniza\u00e7\u00e3o por danos materiais\",\"Pedido contraposto\",\"responsabilidade civil\"],\"articleSection\":[\"Indenizatoria\",\"Responsabilidade Civil\"],\"inLanguage\":\"pt-BR\"},{\"@type\":\"WebPage\",\"@id\":\"https:\\\/\\\/advogadosmc.com.br\\\/?p=718\",\"url\":\"https:\\\/\\\/advogadosmc.com.br\\\/?p=718\",\"name\":\"Motorista \u00e9 Indenizada Ap\u00f3s Colis\u00e3o Entre Tr\u00eas Ve\u00edculos - Marques da Costa Advogados\",\"isPartOf\":{\"@id\":\"https:\\\/\\\/advogadosmc.com.br\\\/#website\"},\"datePublished\":\"2024-04-03T07:18:19+00:00\",\"dateModified\":\"2024-04-03T07:19:42+00:00\",\"description\":\"Carro que ficou em tr\u00eas ve\u00edculos ap\u00f3s colis\u00e3o recebe indeniza\u00e7\u00e3o por danos materiais na justi\u00e7a, autora ainda venceu pedido contraposto.\",\"breadcrumb\":{\"@id\":\"https:\\\/\\\/advogadosmc.com.br\\\/?p=718#breadcrumb\"},\"inLanguage\":\"pt-BR\",\"potentialAction\":[{\"@type\":\"ReadAction\",\"target\":[\"https:\\\/\\\/advogadosmc.com.br\\\/?p=718\"]}]},{\"@type\":\"BreadcrumbList\",\"@id\":\"https:\\\/\\\/advogadosmc.com.br\\\/?p=718#breadcrumb\",\"itemListElement\":[{\"@type\":\"ListItem\",\"position\":1,\"name\":\"In\u00edcio\",\"item\":\"https:\\\/\\\/advogadosmc.com.br\\\/\"},{\"@type\":\"ListItem\",\"position\":2,\"name\":\"Motorista \u00e9 Indenizada Ap\u00f3s Colis\u00e3o Entre Tr\u00eas Ve\u00edculos\"}]},{\"@type\":\"WebSite\",\"@id\":\"https:\\\/\\\/advogadosmc.com.br\\\/#website\",\"url\":\"https:\\\/\\\/advogadosmc.com.br\\\/\",\"name\":\"Marques da Costa Advogados\",\"description\":\"(41) 99623-3229 | 4042-1448 | atendimento@advogadosmc.com.br\",\"publisher\":{\"@id\":\"https:\\\/\\\/advogadosmc.com.br\\\/#\\\/schema\\\/person\\\/fd85bb7cc9e2a96647c1c05c33f00169\"},\"potentialAction\":[{\"@type\":\"SearchAction\",\"target\":{\"@type\":\"EntryPoint\",\"urlTemplate\":\"https:\\\/\\\/advogadosmc.com.br\\\/?s={search_term_string}\"},\"query-input\":{\"@type\":\"PropertyValueSpecification\",\"valueRequired\":true,\"valueName\":\"search_term_string\"}}],\"inLanguage\":\"pt-BR\"},{\"@type\":[\"Person\",\"Organization\"],\"@id\":\"https:\\\/\\\/advogadosmc.com.br\\\/#\\\/schema\\\/person\\\/fd85bb7cc9e2a96647c1c05c33f00169\",\"name\":\"mc\",\"image\":{\"@type\":\"ImageObject\",\"inLanguage\":\"pt-BR\",\"@id\":\"http:\\\/\\\/advogadosmc.com.br\\\/wp-content\\\/uploads\\\/2018\\\/10\\\/Logo-03-1024x655.png\",\"url\":\"http:\\\/\\\/advogadosmc.com.br\\\/wp-content\\\/uploads\\\/2018\\\/10\\\/Logo-03-1024x655.png\",\"contentUrl\":\"http:\\\/\\\/advogadosmc.com.br\\\/wp-content\\\/uploads\\\/2018\\\/10\\\/Logo-03-1024x655.png\",\"width\":1024,\"height\":655,\"caption\":\"mc\"},\"logo\":{\"@id\":\"http:\\\/\\\/advogadosmc.com.br\\\/wp-content\\\/uploads\\\/2018\\\/10\\\/Logo-03-1024x655.png\"}}]}<\/script>\n<!-- \/ Yoast SEO plugin. -->","yoast_head_json":{"title":"Motorista \u00e9 Indenizada Ap\u00f3s Colis\u00e3o Entre Tr\u00eas Ve\u00edculos - Marques da Costa Advogados","description":"Carro que ficou em tr\u00eas ve\u00edculos ap\u00f3s colis\u00e3o recebe indeniza\u00e7\u00e3o por danos materiais na justi\u00e7a, autora ainda venceu pedido contraposto.","robots":{"index":"index","follow":"follow","max-snippet":"max-snippet:-1","max-image-preview":"max-image-preview:large","max-video-preview":"max-video-preview:-1"},"canonical":"https:\/\/advogadosmc.com.br\/?p=718","og_locale":"pt_BR","og_type":"article","og_title":"Motorista \u00e9 Indenizada Ap\u00f3s Colis\u00e3o Entre Tr\u00eas Ve\u00edculos - Marques da Costa Advogados","og_description":"Carro que ficou em tr\u00eas ve\u00edculos ap\u00f3s colis\u00e3o recebe indeniza\u00e7\u00e3o por danos materiais na justi\u00e7a, autora ainda venceu pedido contraposto.","og_url":"https:\/\/advogadosmc.com.br\/?p=718","og_site_name":"Marques da Costa Advogados","article_published_time":"2024-04-03T07:18:19+00:00","article_modified_time":"2024-04-03T07:19:42+00:00","author":"mc","twitter_card":"summary_large_image","twitter_misc":{"Escrito por":"mc","Est. tempo de leitura":"4 minutos"},"schema":{"@context":"https:\/\/schema.org","@graph":[{"@type":"Article","@id":"https:\/\/advogadosmc.com.br\/?p=718#article","isPartOf":{"@id":"https:\/\/advogadosmc.com.br\/?p=718"},"author":{"name":"mc","@id":"https:\/\/advogadosmc.com.br\/#\/schema\/person\/fd85bb7cc9e2a96647c1c05c33f00169"},"headline":"Motorista \u00e9 Indenizada Ap\u00f3s Colis\u00e3o Entre Tr\u00eas Ve\u00edculos","datePublished":"2024-04-03T07:18:19+00:00","dateModified":"2024-04-03T07:19:42+00:00","mainEntityOfPage":{"@id":"https:\/\/advogadosmc.com.br\/?p=718"},"wordCount":653,"publisher":{"@id":"https:\/\/advogadosmc.com.br\/#\/schema\/person\/fd85bb7cc9e2a96647c1c05c33f00169"},"keywords":["Acidente de tr\u00e2nsito","Batida de carro","C\u00f3digo de Tr\u00e2nsito Brasileiro","Colis\u00e3o traseira","Defesa jur\u00eddica","escrit\u00f3rio de advocacia","Indeniza\u00e7\u00e3o por danos materiais","Pedido contraposto","responsabilidade civil"],"articleSection":["Indenizatoria","Responsabilidade Civil"],"inLanguage":"pt-BR"},{"@type":"WebPage","@id":"https:\/\/advogadosmc.com.br\/?p=718","url":"https:\/\/advogadosmc.com.br\/?p=718","name":"Motorista \u00e9 Indenizada Ap\u00f3s Colis\u00e3o Entre Tr\u00eas Ve\u00edculos - Marques da Costa Advogados","isPartOf":{"@id":"https:\/\/advogadosmc.com.br\/#website"},"datePublished":"2024-04-03T07:18:19+00:00","dateModified":"2024-04-03T07:19:42+00:00","description":"Carro que ficou em tr\u00eas ve\u00edculos ap\u00f3s colis\u00e3o recebe indeniza\u00e7\u00e3o por danos materiais na justi\u00e7a, autora ainda venceu pedido contraposto.","breadcrumb":{"@id":"https:\/\/advogadosmc.com.br\/?p=718#breadcrumb"},"inLanguage":"pt-BR","potentialAction":[{"@type":"ReadAction","target":["https:\/\/advogadosmc.com.br\/?p=718"]}]},{"@type":"BreadcrumbList","@id":"https:\/\/advogadosmc.com.br\/?p=718#breadcrumb","itemListElement":[{"@type":"ListItem","position":1,"name":"In\u00edcio","item":"https:\/\/advogadosmc.com.br\/"},{"@type":"ListItem","position":2,"name":"Motorista \u00e9 Indenizada Ap\u00f3s Colis\u00e3o Entre Tr\u00eas Ve\u00edculos"}]},{"@type":"WebSite","@id":"https:\/\/advogadosmc.com.br\/#website","url":"https:\/\/advogadosmc.com.br\/","name":"Marques da Costa Advogados","description":"(41) 99623-3229 | 4042-1448 | atendimento@advogadosmc.com.br","publisher":{"@id":"https:\/\/advogadosmc.com.br\/#\/schema\/person\/fd85bb7cc9e2a96647c1c05c33f00169"},"potentialAction":[{"@type":"SearchAction","target":{"@type":"EntryPoint","urlTemplate":"https:\/\/advogadosmc.com.br\/?s={search_term_string}"},"query-input":{"@type":"PropertyValueSpecification","valueRequired":true,"valueName":"search_term_string"}}],"inLanguage":"pt-BR"},{"@type":["Person","Organization"],"@id":"https:\/\/advogadosmc.com.br\/#\/schema\/person\/fd85bb7cc9e2a96647c1c05c33f00169","name":"mc","image":{"@type":"ImageObject","inLanguage":"pt-BR","@id":"http:\/\/advogadosmc.com.br\/wp-content\/uploads\/2018\/10\/Logo-03-1024x655.png","url":"http:\/\/advogadosmc.com.br\/wp-content\/uploads\/2018\/10\/Logo-03-1024x655.png","contentUrl":"http:\/\/advogadosmc.com.br\/wp-content\/uploads\/2018\/10\/Logo-03-1024x655.png","width":1024,"height":655,"caption":"mc"},"logo":{"@id":"http:\/\/advogadosmc.com.br\/wp-content\/uploads\/2018\/10\/Logo-03-1024x655.png"}}]}},"jetpack_featured_media_url":"","jetpack_sharing_enabled":true,"jetpack_likes_enabled":true,"_links":{"self":[{"href":"https:\/\/advogadosmc.com.br\/index.php?rest_route=\/wp\/v2\/posts\/718","targetHints":{"allow":["GET"]}}],"collection":[{"href":"https:\/\/advogadosmc.com.br\/index.php?rest_route=\/wp\/v2\/posts"}],"about":[{"href":"https:\/\/advogadosmc.com.br\/index.php?rest_route=\/wp\/v2\/types\/post"}],"author":[{"embeddable":true,"href":"https:\/\/advogadosmc.com.br\/index.php?rest_route=\/wp\/v2\/users\/1"}],"replies":[{"embeddable":true,"href":"https:\/\/advogadosmc.com.br\/index.php?rest_route=%2Fwp%2Fv2%2Fcomments&post=718"}],"version-history":[{"count":2,"href":"https:\/\/advogadosmc.com.br\/index.php?rest_route=\/wp\/v2\/posts\/718\/revisions"}],"predecessor-version":[{"id":721,"href":"https:\/\/advogadosmc.com.br\/index.php?rest_route=\/wp\/v2\/posts\/718\/revisions\/721"}],"wp:attachment":[{"href":"https:\/\/advogadosmc.com.br\/index.php?rest_route=%2Fwp%2Fv2%2Fmedia&parent=718"}],"wp:term":[{"taxonomy":"category","embeddable":true,"href":"https:\/\/advogadosmc.com.br\/index.php?rest_route=%2Fwp%2Fv2%2Fcategories&post=718"},{"taxonomy":"post_tag","embeddable":true,"href":"https:\/\/advogadosmc.com.br\/index.php?rest_route=%2Fwp%2Fv2%2Ftags&post=718"}],"curies":[{"name":"wp","href":"https:\/\/api.w.org\/{rel}","templated":true}]}}