{"id":722,"date":"2024-04-03T04:36:59","date_gmt":"2024-04-03T07:36:59","guid":{"rendered":"https:\/\/advogadosmc.com.br\/?p=722"},"modified":"2024-04-03T04:37:01","modified_gmt":"2024-04-03T07:37:01","slug":"liberdade-apos-acusacao-de-estelionato","status":"publish","type":"post","link":"https:\/\/advogadosmc.com.br\/?p=722","title":{"rendered":"Acusados de Estelionato S\u00e3o Libertados Ap\u00f3s Audi\u00eancia de Cust\u00f3dia"},"content":{"rendered":"\n<p class=\"has-text-align-justify\">Dois r\u00e9us enfrentaram acusa\u00e7\u00f5es de estelionato, encontrando-se detidos em flagrante pela pol\u00edcia civil. Contudo, durante a audi\u00eancia de cust\u00f3dia, ocorreu um desfecho inesperado: <strong>ambos foram liberados, <\/strong>gra\u00e7as ao sucesso da defesa realizada no procedimento. O primeiro teve sua <strong>pris\u00e3o relaxada<\/strong>, uma vez que n\u00e3o se vislumbrou materialidade nem autoria de sua participa\u00e7\u00e3o no crime. J\u00e1 o segundo, apesar da homologa\u00e7\u00e3o do flagrante, obteve <strong>liberdade provis\u00f3ria<\/strong>, mediante a imposi\u00e7\u00e3o de medidas cautelares, como comparecimento bimestral em ju\u00edzo e proibi\u00e7\u00e3o de mudan\u00e7a de endere\u00e7o. Assim, <strong>foram expedidos alvar\u00e1s de soltura para ambos os r\u00e9us.<\/strong><\/p>\n\n\n\n<!--more-->\n\n\n\n<p class=\"has-text-align-justify\">O Advogado, Dr. Vitor Bruno Marques da Costa, que realizou a defesa dos r\u00e9us exclusivamente na audi\u00eancia de cust\u00f3dia explica:<\/p>\n\n\n\n<p class=\"has-text-align-justify\"><em>&#8220;No que tange ao flagrante de estelionato, este ocorre quando algu\u00e9m \u00e9 surpreendido cometendo o delito ou logo ap\u00f3s, em situa\u00e7\u00e3o que evidencie sua culpa. A audi\u00eancia de cust\u00f3dia, por sua vez, \u00e9 uma garantia fundamental do processo penal, na qual o juiz avalia a legalidade e a necessidade da pris\u00e3o em flagrante, bem como assegura os direitos fundamentais do preso. <strong>O relaxamento de pris\u00e3o,<\/strong> por sua vez, ocorre quando <strong>o juiz, <\/strong>ap\u00f3s analisar os elementos apresentados, <strong>entende que n\u00e3o h\u00e1 fundamentos para a manuten\u00e7\u00e3o da pris\u00e3o.<\/strong> J\u00e1 a liberdade provis\u00f3ria com medidas cautelares diversas da pris\u00e3o consiste na concess\u00e3o de liberdade ao acusado, mediante a imposi\u00e7\u00e3o de obriga\u00e7\u00f5es que visam garantir sua presen\u00e7a no processo e a ordem p\u00fablica, sem a necessidade de permanecer detido.&#8221;<\/em><\/p>\n\n\n\n<p class=\"has-text-align-justify\">O processo tramitou na 02\u00aa Vara Criminal de Curitiba\/PR sob os autos de n\u00ba 0002211-16.2022.8.16.0196, e que os r\u00e9us foram defendidos com sucesso pelo escrit\u00f3rio Marques da Costa.<\/p>\n\n\n\n<hr class=\"wp-block-separator has-alpha-channel-opacity\"\/>\n\n\n\n<p>Marques da Costa \u2013 Advocacia e Consultoria Jur\u00eddica<br>Sociedade Ind. de Advocacia n\u00ba 14.373 OAB\/PR<br>CNPJ n\u00ba 47.937.138\/0001-85<br>Advogado Respons\u00e1vel Dr. Vitor Bruno Marques da Costa n\u00ba 94.762 OAB\/PR<br><strong><a href=\"https:\/\/api.whatsapp.com\/send\/?phone=5541996233229&amp;text=Ol%C3%A1%2C+estou+precisando+de+um+advogado+e+venho+do+site+de+Advocacia+Marques+da+Costa.&amp;type=phone_number&amp;app_absent=0\">(41) 99623-3229<\/a>&nbsp;| 4042-1448 |&nbsp;<\/strong><em>atendimento@advogadosmc.com.br<\/em><\/p>\n","protected":false},"excerpt":{"rendered":"<p>Dois r\u00e9us enfrentaram acusa\u00e7\u00f5es de estelionato, encontrando-se detidos em flagrante pela pol\u00edcia civil. Contudo, durante a audi\u00eancia de cust\u00f3dia, ocorreu um desfecho inesperado: ambos foram liberados, gra\u00e7as ao sucesso da defesa realizada no procedimento. O primeiro teve sua pris\u00e3o relaxada, uma vez que n\u00e3o se vislumbrou materialidade nem autoria de sua participa\u00e7\u00e3o no crime. J\u00e1<\/p><\/div>\n<div class=\"blog-btn\"><a href=\"https:\/\/advogadosmc.com.br\/?p=722\" class=\"home-blog-btn\">Ler mais<\/a><\/p>\n","protected":false},"author":1,"featured_media":0,"comment_status":"closed","ping_status":"open","sticky":false,"template":"","format":"standard","meta":{"ngg_post_thumbnail":0,"_jetpack_memberships_contains_paid_content":false,"footnotes":""},"categories":[7],"tags":[234,202,231,230,192,191,235,228,233,236,222,229,232],"class_list":["post-722","post","type-post","status-publish","format-standard","hentry","category-criminal","tag-advogados-de-defesa","tag-audiencia-de-custodia","tag-direitos-fundamentais","tag-estelionato","tag-liberdade-provisoria","tag-medidas-cautelares","tag-policia-civil","tag-prisao-em-flagrante","tag-procedimento-penal","tag-relaxamento-de-prisao","tag-reu-inocente","tag-reus","tag-sistema-judiciario"],"yoast_head":"<!-- This site is optimized with the Yoast SEO plugin v27.4 - https:\/\/yoast.com\/product\/yoast-seo-wordpress\/ -->\n<title>Acusados de Estelionato S\u00e3o Libertados Ap\u00f3s Audi\u00eancia de Cust\u00f3dia - Marques da Costa Advogados<\/title>\n<meta name=\"description\" content=\"r\u00e9us acusados de estelionato foram liberados ap\u00f3s audi\u00eancia de cust\u00f3dia e a imposi\u00e7\u00e3o de medidas cautelares\" \/>\n<meta name=\"robots\" content=\"index, follow, max-snippet:-1, max-image-preview:large, max-video-preview:-1\" \/>\n<link rel=\"canonical\" href=\"https:\/\/advogadosmc.com.br\/?p=722\" \/>\n<meta property=\"og:locale\" content=\"pt_BR\" \/>\n<meta property=\"og:type\" content=\"article\" \/>\n<meta property=\"og:title\" content=\"Acusados de Estelionato S\u00e3o Libertados Ap\u00f3s Audi\u00eancia de Cust\u00f3dia - Marques da Costa Advogados\" \/>\n<meta property=\"og:description\" content=\"r\u00e9us acusados de estelionato foram liberados ap\u00f3s audi\u00eancia de cust\u00f3dia e a imposi\u00e7\u00e3o de medidas cautelares\" \/>\n<meta property=\"og:url\" content=\"https:\/\/advogadosmc.com.br\/?p=722\" \/>\n<meta property=\"og:site_name\" content=\"Marques da Costa Advogados\" \/>\n<meta property=\"article:published_time\" content=\"2024-04-03T07:36:59+00:00\" \/>\n<meta property=\"article:modified_time\" content=\"2024-04-03T07:37:01+00:00\" \/>\n<meta name=\"author\" content=\"mc\" \/>\n<meta name=\"twitter:card\" content=\"summary_large_image\" \/>\n<meta name=\"twitter:label1\" content=\"Escrito por\" \/>\n\t<meta name=\"twitter:data1\" content=\"mc\" \/>\n\t<meta name=\"twitter:label2\" content=\"Est. tempo de leitura\" \/>\n\t<meta name=\"twitter:data2\" content=\"2 minutos\" \/>\n<script type=\"application\/ld+json\" class=\"yoast-schema-graph\">{\"@context\":\"https:\\\/\\\/schema.org\",\"@graph\":[{\"@type\":\"Article\",\"@id\":\"https:\\\/\\\/advogadosmc.com.br\\\/?p=722#article\",\"isPartOf\":{\"@id\":\"https:\\\/\\\/advogadosmc.com.br\\\/?p=722\"},\"author\":{\"name\":\"mc\",\"@id\":\"https:\\\/\\\/advogadosmc.com.br\\\/#\\\/schema\\\/person\\\/fd85bb7cc9e2a96647c1c05c33f00169\"},\"headline\":\"Acusados de Estelionato S\u00e3o Libertados Ap\u00f3s Audi\u00eancia de Cust\u00f3dia\",\"datePublished\":\"2024-04-03T07:36:59+00:00\",\"dateModified\":\"2024-04-03T07:37:01+00:00\",\"mainEntityOfPage\":{\"@id\":\"https:\\\/\\\/advogadosmc.com.br\\\/?p=722\"},\"wordCount\":354,\"publisher\":{\"@id\":\"https:\\\/\\\/advogadosmc.com.br\\\/#\\\/schema\\\/person\\\/fd85bb7cc9e2a96647c1c05c33f00169\"},\"keywords\":[\"Advogados de defesa\",\"Audi\u00eancia de cust\u00f3dia\",\"Direitos fundamentais\",\"Estelionato\",\"Liberdade provis\u00f3ria\",\"Medidas cautelares\",\"Pol\u00edcia Civil\",\"Pris\u00e3o em flagrante\",\"Procedimento penal\",\"Relaxamento de Pris\u00e3o\",\"r\u00e9u inocente\",\"R\u00e9us\",\"Sistema judici\u00e1rio\"],\"articleSection\":[\"Criminal\"],\"inLanguage\":\"pt-BR\"},{\"@type\":\"WebPage\",\"@id\":\"https:\\\/\\\/advogadosmc.com.br\\\/?p=722\",\"url\":\"https:\\\/\\\/advogadosmc.com.br\\\/?p=722\",\"name\":\"Acusados de Estelionato S\u00e3o Libertados Ap\u00f3s Audi\u00eancia de Cust\u00f3dia - Marques da Costa Advogados\",\"isPartOf\":{\"@id\":\"https:\\\/\\\/advogadosmc.com.br\\\/#website\"},\"datePublished\":\"2024-04-03T07:36:59+00:00\",\"dateModified\":\"2024-04-03T07:37:01+00:00\",\"description\":\"r\u00e9us acusados de estelionato foram liberados ap\u00f3s audi\u00eancia de cust\u00f3dia e a imposi\u00e7\u00e3o de medidas cautelares\",\"breadcrumb\":{\"@id\":\"https:\\\/\\\/advogadosmc.com.br\\\/?p=722#breadcrumb\"},\"inLanguage\":\"pt-BR\",\"potentialAction\":[{\"@type\":\"ReadAction\",\"target\":[\"https:\\\/\\\/advogadosmc.com.br\\\/?p=722\"]}]},{\"@type\":\"BreadcrumbList\",\"@id\":\"https:\\\/\\\/advogadosmc.com.br\\\/?p=722#breadcrumb\",\"itemListElement\":[{\"@type\":\"ListItem\",\"position\":1,\"name\":\"In\u00edcio\",\"item\":\"https:\\\/\\\/advogadosmc.com.br\\\/\"},{\"@type\":\"ListItem\",\"position\":2,\"name\":\"Acusados de Estelionato S\u00e3o Libertados Ap\u00f3s Audi\u00eancia de Cust\u00f3dia\"}]},{\"@type\":\"WebSite\",\"@id\":\"https:\\\/\\\/advogadosmc.com.br\\\/#website\",\"url\":\"https:\\\/\\\/advogadosmc.com.br\\\/\",\"name\":\"Marques da Costa Advogados\",\"description\":\"(41) 99623-3229 | 4042-1448 | atendimento@advogadosmc.com.br\",\"publisher\":{\"@id\":\"https:\\\/\\\/advogadosmc.com.br\\\/#\\\/schema\\\/person\\\/fd85bb7cc9e2a96647c1c05c33f00169\"},\"potentialAction\":[{\"@type\":\"SearchAction\",\"target\":{\"@type\":\"EntryPoint\",\"urlTemplate\":\"https:\\\/\\\/advogadosmc.com.br\\\/?s={search_term_string}\"},\"query-input\":{\"@type\":\"PropertyValueSpecification\",\"valueRequired\":true,\"valueName\":\"search_term_string\"}}],\"inLanguage\":\"pt-BR\"},{\"@type\":[\"Person\",\"Organization\"],\"@id\":\"https:\\\/\\\/advogadosmc.com.br\\\/#\\\/schema\\\/person\\\/fd85bb7cc9e2a96647c1c05c33f00169\",\"name\":\"mc\",\"image\":{\"@type\":\"ImageObject\",\"inLanguage\":\"pt-BR\",\"@id\":\"http:\\\/\\\/advogadosmc.com.br\\\/wp-content\\\/uploads\\\/2018\\\/10\\\/Logo-03-1024x655.png\",\"url\":\"http:\\\/\\\/advogadosmc.com.br\\\/wp-content\\\/uploads\\\/2018\\\/10\\\/Logo-03-1024x655.png\",\"contentUrl\":\"http:\\\/\\\/advogadosmc.com.br\\\/wp-content\\\/uploads\\\/2018\\\/10\\\/Logo-03-1024x655.png\",\"width\":1024,\"height\":655,\"caption\":\"mc\"},\"logo\":{\"@id\":\"http:\\\/\\\/advogadosmc.com.br\\\/wp-content\\\/uploads\\\/2018\\\/10\\\/Logo-03-1024x655.png\"}}]}<\/script>\n<!-- \/ Yoast SEO plugin. -->","yoast_head_json":{"title":"Acusados de Estelionato S\u00e3o Libertados Ap\u00f3s Audi\u00eancia de Cust\u00f3dia - Marques da Costa Advogados","description":"r\u00e9us acusados de estelionato foram liberados ap\u00f3s audi\u00eancia de cust\u00f3dia e a imposi\u00e7\u00e3o de medidas cautelares","robots":{"index":"index","follow":"follow","max-snippet":"max-snippet:-1","max-image-preview":"max-image-preview:large","max-video-preview":"max-video-preview:-1"},"canonical":"https:\/\/advogadosmc.com.br\/?p=722","og_locale":"pt_BR","og_type":"article","og_title":"Acusados de Estelionato S\u00e3o Libertados Ap\u00f3s Audi\u00eancia de Cust\u00f3dia - Marques da Costa Advogados","og_description":"r\u00e9us acusados de estelionato foram liberados ap\u00f3s audi\u00eancia de cust\u00f3dia e a imposi\u00e7\u00e3o de medidas cautelares","og_url":"https:\/\/advogadosmc.com.br\/?p=722","og_site_name":"Marques da Costa Advogados","article_published_time":"2024-04-03T07:36:59+00:00","article_modified_time":"2024-04-03T07:37:01+00:00","author":"mc","twitter_card":"summary_large_image","twitter_misc":{"Escrito por":"mc","Est. tempo de leitura":"2 minutos"},"schema":{"@context":"https:\/\/schema.org","@graph":[{"@type":"Article","@id":"https:\/\/advogadosmc.com.br\/?p=722#article","isPartOf":{"@id":"https:\/\/advogadosmc.com.br\/?p=722"},"author":{"name":"mc","@id":"https:\/\/advogadosmc.com.br\/#\/schema\/person\/fd85bb7cc9e2a96647c1c05c33f00169"},"headline":"Acusados de Estelionato S\u00e3o Libertados Ap\u00f3s Audi\u00eancia de Cust\u00f3dia","datePublished":"2024-04-03T07:36:59+00:00","dateModified":"2024-04-03T07:37:01+00:00","mainEntityOfPage":{"@id":"https:\/\/advogadosmc.com.br\/?p=722"},"wordCount":354,"publisher":{"@id":"https:\/\/advogadosmc.com.br\/#\/schema\/person\/fd85bb7cc9e2a96647c1c05c33f00169"},"keywords":["Advogados de defesa","Audi\u00eancia de cust\u00f3dia","Direitos fundamentais","Estelionato","Liberdade provis\u00f3ria","Medidas cautelares","Pol\u00edcia Civil","Pris\u00e3o em flagrante","Procedimento penal","Relaxamento de Pris\u00e3o","r\u00e9u inocente","R\u00e9us","Sistema judici\u00e1rio"],"articleSection":["Criminal"],"inLanguage":"pt-BR"},{"@type":"WebPage","@id":"https:\/\/advogadosmc.com.br\/?p=722","url":"https:\/\/advogadosmc.com.br\/?p=722","name":"Acusados de Estelionato S\u00e3o Libertados Ap\u00f3s Audi\u00eancia de Cust\u00f3dia - Marques da Costa Advogados","isPartOf":{"@id":"https:\/\/advogadosmc.com.br\/#website"},"datePublished":"2024-04-03T07:36:59+00:00","dateModified":"2024-04-03T07:37:01+00:00","description":"r\u00e9us acusados de estelionato foram liberados ap\u00f3s audi\u00eancia de cust\u00f3dia e a imposi\u00e7\u00e3o de medidas cautelares","breadcrumb":{"@id":"https:\/\/advogadosmc.com.br\/?p=722#breadcrumb"},"inLanguage":"pt-BR","potentialAction":[{"@type":"ReadAction","target":["https:\/\/advogadosmc.com.br\/?p=722"]}]},{"@type":"BreadcrumbList","@id":"https:\/\/advogadosmc.com.br\/?p=722#breadcrumb","itemListElement":[{"@type":"ListItem","position":1,"name":"In\u00edcio","item":"https:\/\/advogadosmc.com.br\/"},{"@type":"ListItem","position":2,"name":"Acusados de Estelionato S\u00e3o Libertados Ap\u00f3s Audi\u00eancia de Cust\u00f3dia"}]},{"@type":"WebSite","@id":"https:\/\/advogadosmc.com.br\/#website","url":"https:\/\/advogadosmc.com.br\/","name":"Marques da Costa Advogados","description":"(41) 99623-3229 | 4042-1448 | atendimento@advogadosmc.com.br","publisher":{"@id":"https:\/\/advogadosmc.com.br\/#\/schema\/person\/fd85bb7cc9e2a96647c1c05c33f00169"},"potentialAction":[{"@type":"SearchAction","target":{"@type":"EntryPoint","urlTemplate":"https:\/\/advogadosmc.com.br\/?s={search_term_string}"},"query-input":{"@type":"PropertyValueSpecification","valueRequired":true,"valueName":"search_term_string"}}],"inLanguage":"pt-BR"},{"@type":["Person","Organization"],"@id":"https:\/\/advogadosmc.com.br\/#\/schema\/person\/fd85bb7cc9e2a96647c1c05c33f00169","name":"mc","image":{"@type":"ImageObject","inLanguage":"pt-BR","@id":"http:\/\/advogadosmc.com.br\/wp-content\/uploads\/2018\/10\/Logo-03-1024x655.png","url":"http:\/\/advogadosmc.com.br\/wp-content\/uploads\/2018\/10\/Logo-03-1024x655.png","contentUrl":"http:\/\/advogadosmc.com.br\/wp-content\/uploads\/2018\/10\/Logo-03-1024x655.png","width":1024,"height":655,"caption":"mc"},"logo":{"@id":"http:\/\/advogadosmc.com.br\/wp-content\/uploads\/2018\/10\/Logo-03-1024x655.png"}}]}},"jetpack_featured_media_url":"","jetpack_sharing_enabled":true,"jetpack_likes_enabled":true,"_links":{"self":[{"href":"https:\/\/advogadosmc.com.br\/index.php?rest_route=\/wp\/v2\/posts\/722","targetHints":{"allow":["GET"]}}],"collection":[{"href":"https:\/\/advogadosmc.com.br\/index.php?rest_route=\/wp\/v2\/posts"}],"about":[{"href":"https:\/\/advogadosmc.com.br\/index.php?rest_route=\/wp\/v2\/types\/post"}],"author":[{"embeddable":true,"href":"https:\/\/advogadosmc.com.br\/index.php?rest_route=\/wp\/v2\/users\/1"}],"replies":[{"embeddable":true,"href":"https:\/\/advogadosmc.com.br\/index.php?rest_route=%2Fwp%2Fv2%2Fcomments&post=722"}],"version-history":[{"count":1,"href":"https:\/\/advogadosmc.com.br\/index.php?rest_route=\/wp\/v2\/posts\/722\/revisions"}],"predecessor-version":[{"id":723,"href":"https:\/\/advogadosmc.com.br\/index.php?rest_route=\/wp\/v2\/posts\/722\/revisions\/723"}],"wp:attachment":[{"href":"https:\/\/advogadosmc.com.br\/index.php?rest_route=%2Fwp%2Fv2%2Fmedia&parent=722"}],"wp:term":[{"taxonomy":"category","embeddable":true,"href":"https:\/\/advogadosmc.com.br\/index.php?rest_route=%2Fwp%2Fv2%2Fcategories&post=722"},{"taxonomy":"post_tag","embeddable":true,"href":"https:\/\/advogadosmc.com.br\/index.php?rest_route=%2Fwp%2Fv2%2Ftags&post=722"}],"curies":[{"name":"wp","href":"https:\/\/api.w.org\/{rel}","templated":true}]}}