{"id":724,"date":"2024-04-03T05:02:23","date_gmt":"2024-04-03T08:02:23","guid":{"rendered":"https:\/\/advogadosmc.com.br\/?p=724"},"modified":"2024-04-03T05:02:24","modified_gmt":"2024-04-03T08:02:24","slug":"consorcios-indeniza-consumidora-cancelamento-aviso-previo","status":"publish","type":"post","link":"https:\/\/advogadosmc.com.br\/?p=724","title":{"rendered":"Empresa de Cons\u00f3rcios Indeniza Consumidora por Cancelamento sem Aviso Pr\u00e9vio"},"content":{"rendered":"\n<p class=\"has-text-align-justify\">As empresas de cons\u00f3rcios, ADEMIMOTORS &#8211; ADEMILAR ADMINISTRADORA DE CONS\u00d3RCIOS S\/A e CONSEG ADMINISTRADORA DE CONS\u00d3RCIOS S\/A , cancelaram a cota da autora sem comunica\u00e7\u00e3o pr\u00e9via, vendendo-a para terceiros, privando-a de participar dos sorteios e mantendo-a em desvantagem contratual. As r\u00e9s haviam negado o estorno dos valores pagos, alegando que o resgate seria poss\u00edvel apenas ao final do contrato. A consumidora que ajuizou a a\u00e7\u00e3o de perdas e danos, assim obteve <strong>\u00eaxito <\/strong>em acordo judicial<strong> ap\u00f3s ser prejudicada pelo cancelamento de seu cons\u00f3rcio sem aviso pr\u00e9vio. A indeniza\u00e7\u00e3o de R$ 1.120,00 <\/strong>foi resultado de uma audi\u00eancia de concilia\u00e7\u00e3o, antes mesmo da senten\u00e7a e foi homologado pelo juiz.<\/p>\n\n\n\n<!--more-->\n\n\n\n<p>O advogado da consumidora, Dr. Vitor Bruno Marques da Costa, explica que:<\/p>\n\n\n\n<p class=\"has-text-align-justify\"><em>&#8220;\u00c9 importante ressaltar que o consumidor possui direitos assegurados por lei e que devem ser respeitados pelas empresas de cons\u00f3rcio. O cancelamento unilateral de cotas sem aviso pr\u00e9vio, como ocorreu no caso em quest\u00e3o, configura uma pr\u00e1tica abusiva e pass\u00edvel de indeniza\u00e7\u00e3o. Nesse sentido, refor\u00e7amos a import\u00e2ncia de proteger os direitos dos consumidores em transa\u00e7\u00f5es comerciais, garantindo que sejam tratados de forma justa e equitativa pelas empresas. A a\u00e7\u00e3o movida que resultou em indeniza\u00e7\u00e3o a favor da consumidora pelo acordo firmado em audi\u00eancia de concilia\u00e7\u00e3o, demonstra que os consumidores n\u00e3o est\u00e3o desamparados diante de pr\u00e1ticas abusivas e que t\u00eam o respaldo da justi\u00e7a para buscar repara\u00e7\u00e3o quando seus direitos s\u00e3o violados.&#8221;<\/em><\/p>\n\n\n\n<p class=\"has-text-align-justify\">A a\u00e7\u00e3o indenizat\u00f3ria da consumidora teve fundamento jur\u00eddico em diversos dispositivos de lei, como: o art. 18 e 22 da lei n\u00ba 11.795\/08 regem os cons\u00f3rcios, enquanto o art. 6\u00ba, VI e 51, XV do C\u00f3digo de Defesa do Consumidor garantem a prote\u00e7\u00e3o dos direitos dos consumidores. O art. 5\u00ba, inciso XXXV da Constitui\u00e7\u00e3o da Rep\u00fablica assegura o acesso \u00e0 Justi\u00e7a, e a S\u00famula 35 do STJ refor\u00e7a o direito \u00e0 repara\u00e7\u00e3o de danos. Adicionalmente, os enunciados do Tribunal de Justi\u00e7a do Paran\u00e1, como o Enunciado N.\u00ba 3.3 sobre a restitui\u00e7\u00e3o da taxa de ades\u00e3o, e o Enunciado N.\u00ba 3.5 que trata da devolu\u00e7\u00e3o do fundo de reserva, foram essenciais na argumenta\u00e7\u00e3o jur\u00eddica.<\/p>\n\n\n\n<p class=\"has-text-align-justify\">O processo tramitou na 11\u00ba Juizado Especial C\u00edvel de Curitiba\/PR sob os autos de n\u00ba 0027053-39.2021.8.16.0182, e a consumidora foi representada pelo escrit\u00f3rio &#8220;Marques da Costa&#8221;.<\/p>\n\n\n\n<hr class=\"wp-block-separator has-alpha-channel-opacity\"\/>\n\n\n\n<p>Marques da Costa \u2013 Advocacia e Consultoria Jur\u00eddica<br>Sociedade Ind. de Advocacia n\u00ba 14.373 OAB\/PR<br>CNPJ n\u00ba 47.937.138\/0001-85<br>Advogado Respons\u00e1vel Dr. Vitor Bruno Marques da Costa n\u00ba 94.762 OAB\/PR<br><strong><a href=\"https:\/\/api.whatsapp.com\/send\/?phone=5541996233229&amp;text=Ol%C3%A1%2C+estou+precisando+de+um+advogado+e+venho+do+site+de+Advocacia+Marques+da+Costa.&amp;type=phone_number&amp;app_absent=0\">(41) 99623-3229<\/a>&nbsp;| 4042-1448 |&nbsp;<\/strong><em>atendimento@advogadosmc.com.br<\/em><\/p>\n","protected":false},"excerpt":{"rendered":"<p>As empresas de cons\u00f3rcios, ADEMIMOTORS &#8211; ADEMILAR ADMINISTRADORA DE CONS\u00d3RCIOS S\/A e CONSEG ADMINISTRADORA DE CONS\u00d3RCIOS S\/A , cancelaram a cota da autora sem comunica\u00e7\u00e3o pr\u00e9via, vendendo-a para terceiros, privando-a de participar dos sorteios e mantendo-a em desvantagem contratual. As r\u00e9s haviam negado o estorno dos valores pagos, alegando que o resgate seria poss\u00edvel apenas<\/p><\/div>\n<div class=\"blog-btn\"><a href=\"https:\/\/advogadosmc.com.br\/?p=724\" class=\"home-blog-btn\">Ler mais<\/a><\/p>\n","protected":false},"author":1,"featured_media":0,"comment_status":"closed","ping_status":"open","sticky":false,"template":"","format":"standard","meta":{"ngg_post_thumbnail":0,"_jetpack_memberships_contains_paid_content":false,"footnotes":""},"categories":[35,16],"tags":[241,242,244,178,239,245,240,238,243,237],"class_list":["post-724","post","type-post","status-publish","format-standard","hentry","category-indenizatoria","category-responsabilidade-civil","tag-advogados-especializados-em-direito-do-consumidor","tag-audiencia-de-conciliacao-em-caso-de-consorcio","tag-cancelamento-abusivo-de-cota-de-consorcio","tag-codigo-de-defesa-do-consumidor","tag-consorcio-cancelado-sem-aviso-previo","tag-defesa-juridica-em-casos-de-consorcios","tag-direitos-do-consumidor-em-consorcios","tag-indenizacao-por-cancelamento-de-consorcio","tag-lei-dos-consorcios","tag-protecao-do-consumidor-em-contratos"],"yoast_head":"<!-- This site is optimized with the Yoast SEO plugin v27.4 - https:\/\/yoast.com\/product\/yoast-seo-wordpress\/ -->\n<title>Empresa de Cons\u00f3rcios Indeniza Consumidora por Cancelamento sem Aviso Pr\u00e9vio - Marques da Costa Advogados<\/title>\n<meta name=\"description\" content=\"Consumidora obteve indeniza\u00e7\u00e3o ap\u00f3s o cancelamento abusivo de seu cons\u00f3rcio sem aviso pr\u00e9vio, houve um acordo judicial no caso.\" \/>\n<meta name=\"robots\" content=\"index, follow, max-snippet:-1, max-image-preview:large, max-video-preview:-1\" \/>\n<link rel=\"canonical\" href=\"https:\/\/advogadosmc.com.br\/?p=724\" \/>\n<meta property=\"og:locale\" content=\"pt_BR\" \/>\n<meta property=\"og:type\" content=\"article\" \/>\n<meta property=\"og:title\" content=\"Empresa de Cons\u00f3rcios Indeniza Consumidora por Cancelamento sem Aviso Pr\u00e9vio - Marques da Costa Advogados\" \/>\n<meta property=\"og:description\" content=\"Consumidora obteve indeniza\u00e7\u00e3o ap\u00f3s o cancelamento abusivo de seu cons\u00f3rcio sem aviso pr\u00e9vio, houve um acordo judicial no caso.\" \/>\n<meta property=\"og:url\" content=\"https:\/\/advogadosmc.com.br\/?p=724\" \/>\n<meta property=\"og:site_name\" content=\"Marques da Costa Advogados\" \/>\n<meta property=\"article:published_time\" content=\"2024-04-03T08:02:23+00:00\" \/>\n<meta property=\"article:modified_time\" content=\"2024-04-03T08:02:24+00:00\" \/>\n<meta name=\"author\" content=\"mc\" \/>\n<meta name=\"twitter:card\" content=\"summary_large_image\" \/>\n<meta name=\"twitter:label1\" content=\"Escrito por\" \/>\n\t<meta name=\"twitter:data1\" content=\"mc\" \/>\n\t<meta name=\"twitter:label2\" content=\"Est. tempo de leitura\" \/>\n\t<meta name=\"twitter:data2\" content=\"3 minutos\" \/>\n<script type=\"application\/ld+json\" class=\"yoast-schema-graph\">{\"@context\":\"https:\\\/\\\/schema.org\",\"@graph\":[{\"@type\":\"Article\",\"@id\":\"https:\\\/\\\/advogadosmc.com.br\\\/?p=724#article\",\"isPartOf\":{\"@id\":\"https:\\\/\\\/advogadosmc.com.br\\\/?p=724\"},\"author\":{\"name\":\"mc\",\"@id\":\"https:\\\/\\\/advogadosmc.com.br\\\/#\\\/schema\\\/person\\\/fd85bb7cc9e2a96647c1c05c33f00169\"},\"headline\":\"Empresa de Cons\u00f3rcios Indeniza Consumidora por Cancelamento sem Aviso Pr\u00e9vio\",\"datePublished\":\"2024-04-03T08:02:23+00:00\",\"dateModified\":\"2024-04-03T08:02:24+00:00\",\"mainEntityOfPage\":{\"@id\":\"https:\\\/\\\/advogadosmc.com.br\\\/?p=724\"},\"wordCount\":460,\"publisher\":{\"@id\":\"https:\\\/\\\/advogadosmc.com.br\\\/#\\\/schema\\\/person\\\/fd85bb7cc9e2a96647c1c05c33f00169\"},\"keywords\":[\"Advogados especializados em direito do consumidor\",\"Audi\u00eancia de concilia\u00e7\u00e3o em caso de cons\u00f3rcio\",\"Cancelamento abusivo de cota de cons\u00f3rcio\",\"C\u00f3digo de Defesa do Consumidor\",\"Cons\u00f3rcio cancelado sem aviso pr\u00e9vio\",\"Defesa jur\u00eddica em casos de cons\u00f3rcios\",\"Direitos do consumidor em cons\u00f3rcios\",\"Indeniza\u00e7\u00e3o por cancelamento de cons\u00f3rcio\",\"Lei dos cons\u00f3rcios\",\"Prote\u00e7\u00e3o do consumidor em contratos\"],\"articleSection\":[\"Indenizatoria\",\"Responsabilidade Civil\"],\"inLanguage\":\"pt-BR\"},{\"@type\":\"WebPage\",\"@id\":\"https:\\\/\\\/advogadosmc.com.br\\\/?p=724\",\"url\":\"https:\\\/\\\/advogadosmc.com.br\\\/?p=724\",\"name\":\"Empresa de Cons\u00f3rcios Indeniza Consumidora por Cancelamento sem Aviso Pr\u00e9vio - Marques da Costa Advogados\",\"isPartOf\":{\"@id\":\"https:\\\/\\\/advogadosmc.com.br\\\/#website\"},\"datePublished\":\"2024-04-03T08:02:23+00:00\",\"dateModified\":\"2024-04-03T08:02:24+00:00\",\"description\":\"Consumidora obteve indeniza\u00e7\u00e3o ap\u00f3s o cancelamento abusivo de seu cons\u00f3rcio sem aviso pr\u00e9vio, houve um acordo judicial no caso.\",\"breadcrumb\":{\"@id\":\"https:\\\/\\\/advogadosmc.com.br\\\/?p=724#breadcrumb\"},\"inLanguage\":\"pt-BR\",\"potentialAction\":[{\"@type\":\"ReadAction\",\"target\":[\"https:\\\/\\\/advogadosmc.com.br\\\/?p=724\"]}]},{\"@type\":\"BreadcrumbList\",\"@id\":\"https:\\\/\\\/advogadosmc.com.br\\\/?p=724#breadcrumb\",\"itemListElement\":[{\"@type\":\"ListItem\",\"position\":1,\"name\":\"In\u00edcio\",\"item\":\"https:\\\/\\\/advogadosmc.com.br\\\/\"},{\"@type\":\"ListItem\",\"position\":2,\"name\":\"Empresa de Cons\u00f3rcios Indeniza Consumidora por Cancelamento sem Aviso Pr\u00e9vio\"}]},{\"@type\":\"WebSite\",\"@id\":\"https:\\\/\\\/advogadosmc.com.br\\\/#website\",\"url\":\"https:\\\/\\\/advogadosmc.com.br\\\/\",\"name\":\"Marques da Costa Advogados\",\"description\":\"(41) 99623-3229 | 4042-1448 | atendimento@advogadosmc.com.br\",\"publisher\":{\"@id\":\"https:\\\/\\\/advogadosmc.com.br\\\/#\\\/schema\\\/person\\\/fd85bb7cc9e2a96647c1c05c33f00169\"},\"potentialAction\":[{\"@type\":\"SearchAction\",\"target\":{\"@type\":\"EntryPoint\",\"urlTemplate\":\"https:\\\/\\\/advogadosmc.com.br\\\/?s={search_term_string}\"},\"query-input\":{\"@type\":\"PropertyValueSpecification\",\"valueRequired\":true,\"valueName\":\"search_term_string\"}}],\"inLanguage\":\"pt-BR\"},{\"@type\":[\"Person\",\"Organization\"],\"@id\":\"https:\\\/\\\/advogadosmc.com.br\\\/#\\\/schema\\\/person\\\/fd85bb7cc9e2a96647c1c05c33f00169\",\"name\":\"mc\",\"image\":{\"@type\":\"ImageObject\",\"inLanguage\":\"pt-BR\",\"@id\":\"http:\\\/\\\/advogadosmc.com.br\\\/wp-content\\\/uploads\\\/2018\\\/10\\\/Logo-03-1024x655.png\",\"url\":\"http:\\\/\\\/advogadosmc.com.br\\\/wp-content\\\/uploads\\\/2018\\\/10\\\/Logo-03-1024x655.png\",\"contentUrl\":\"http:\\\/\\\/advogadosmc.com.br\\\/wp-content\\\/uploads\\\/2018\\\/10\\\/Logo-03-1024x655.png\",\"width\":1024,\"height\":655,\"caption\":\"mc\"},\"logo\":{\"@id\":\"http:\\\/\\\/advogadosmc.com.br\\\/wp-content\\\/uploads\\\/2018\\\/10\\\/Logo-03-1024x655.png\"}}]}<\/script>\n<!-- \/ Yoast SEO plugin. -->","yoast_head_json":{"title":"Empresa de Cons\u00f3rcios Indeniza Consumidora por Cancelamento sem Aviso Pr\u00e9vio - Marques da Costa Advogados","description":"Consumidora obteve indeniza\u00e7\u00e3o ap\u00f3s o cancelamento abusivo de seu cons\u00f3rcio sem aviso pr\u00e9vio, houve um acordo judicial no caso.","robots":{"index":"index","follow":"follow","max-snippet":"max-snippet:-1","max-image-preview":"max-image-preview:large","max-video-preview":"max-video-preview:-1"},"canonical":"https:\/\/advogadosmc.com.br\/?p=724","og_locale":"pt_BR","og_type":"article","og_title":"Empresa de Cons\u00f3rcios Indeniza Consumidora por Cancelamento sem Aviso Pr\u00e9vio - Marques da Costa Advogados","og_description":"Consumidora obteve indeniza\u00e7\u00e3o ap\u00f3s o cancelamento abusivo de seu cons\u00f3rcio sem aviso pr\u00e9vio, houve um acordo judicial no caso.","og_url":"https:\/\/advogadosmc.com.br\/?p=724","og_site_name":"Marques da Costa Advogados","article_published_time":"2024-04-03T08:02:23+00:00","article_modified_time":"2024-04-03T08:02:24+00:00","author":"mc","twitter_card":"summary_large_image","twitter_misc":{"Escrito por":"mc","Est. tempo de leitura":"3 minutos"},"schema":{"@context":"https:\/\/schema.org","@graph":[{"@type":"Article","@id":"https:\/\/advogadosmc.com.br\/?p=724#article","isPartOf":{"@id":"https:\/\/advogadosmc.com.br\/?p=724"},"author":{"name":"mc","@id":"https:\/\/advogadosmc.com.br\/#\/schema\/person\/fd85bb7cc9e2a96647c1c05c33f00169"},"headline":"Empresa de Cons\u00f3rcios Indeniza Consumidora por Cancelamento sem Aviso Pr\u00e9vio","datePublished":"2024-04-03T08:02:23+00:00","dateModified":"2024-04-03T08:02:24+00:00","mainEntityOfPage":{"@id":"https:\/\/advogadosmc.com.br\/?p=724"},"wordCount":460,"publisher":{"@id":"https:\/\/advogadosmc.com.br\/#\/schema\/person\/fd85bb7cc9e2a96647c1c05c33f00169"},"keywords":["Advogados especializados em direito do consumidor","Audi\u00eancia de concilia\u00e7\u00e3o em caso de cons\u00f3rcio","Cancelamento abusivo de cota de cons\u00f3rcio","C\u00f3digo de Defesa do Consumidor","Cons\u00f3rcio cancelado sem aviso pr\u00e9vio","Defesa jur\u00eddica em casos de cons\u00f3rcios","Direitos do consumidor em cons\u00f3rcios","Indeniza\u00e7\u00e3o por cancelamento de cons\u00f3rcio","Lei dos cons\u00f3rcios","Prote\u00e7\u00e3o do consumidor em contratos"],"articleSection":["Indenizatoria","Responsabilidade Civil"],"inLanguage":"pt-BR"},{"@type":"WebPage","@id":"https:\/\/advogadosmc.com.br\/?p=724","url":"https:\/\/advogadosmc.com.br\/?p=724","name":"Empresa de Cons\u00f3rcios Indeniza Consumidora por Cancelamento sem Aviso Pr\u00e9vio - Marques da Costa Advogados","isPartOf":{"@id":"https:\/\/advogadosmc.com.br\/#website"},"datePublished":"2024-04-03T08:02:23+00:00","dateModified":"2024-04-03T08:02:24+00:00","description":"Consumidora obteve indeniza\u00e7\u00e3o ap\u00f3s o cancelamento abusivo de seu cons\u00f3rcio sem aviso pr\u00e9vio, houve um acordo judicial no caso.","breadcrumb":{"@id":"https:\/\/advogadosmc.com.br\/?p=724#breadcrumb"},"inLanguage":"pt-BR","potentialAction":[{"@type":"ReadAction","target":["https:\/\/advogadosmc.com.br\/?p=724"]}]},{"@type":"BreadcrumbList","@id":"https:\/\/advogadosmc.com.br\/?p=724#breadcrumb","itemListElement":[{"@type":"ListItem","position":1,"name":"In\u00edcio","item":"https:\/\/advogadosmc.com.br\/"},{"@type":"ListItem","position":2,"name":"Empresa de Cons\u00f3rcios Indeniza Consumidora por Cancelamento sem Aviso Pr\u00e9vio"}]},{"@type":"WebSite","@id":"https:\/\/advogadosmc.com.br\/#website","url":"https:\/\/advogadosmc.com.br\/","name":"Marques da Costa Advogados","description":"(41) 99623-3229 | 4042-1448 | atendimento@advogadosmc.com.br","publisher":{"@id":"https:\/\/advogadosmc.com.br\/#\/schema\/person\/fd85bb7cc9e2a96647c1c05c33f00169"},"potentialAction":[{"@type":"SearchAction","target":{"@type":"EntryPoint","urlTemplate":"https:\/\/advogadosmc.com.br\/?s={search_term_string}"},"query-input":{"@type":"PropertyValueSpecification","valueRequired":true,"valueName":"search_term_string"}}],"inLanguage":"pt-BR"},{"@type":["Person","Organization"],"@id":"https:\/\/advogadosmc.com.br\/#\/schema\/person\/fd85bb7cc9e2a96647c1c05c33f00169","name":"mc","image":{"@type":"ImageObject","inLanguage":"pt-BR","@id":"http:\/\/advogadosmc.com.br\/wp-content\/uploads\/2018\/10\/Logo-03-1024x655.png","url":"http:\/\/advogadosmc.com.br\/wp-content\/uploads\/2018\/10\/Logo-03-1024x655.png","contentUrl":"http:\/\/advogadosmc.com.br\/wp-content\/uploads\/2018\/10\/Logo-03-1024x655.png","width":1024,"height":655,"caption":"mc"},"logo":{"@id":"http:\/\/advogadosmc.com.br\/wp-content\/uploads\/2018\/10\/Logo-03-1024x655.png"}}]}},"jetpack_featured_media_url":"","jetpack_sharing_enabled":true,"jetpack_likes_enabled":true,"_links":{"self":[{"href":"https:\/\/advogadosmc.com.br\/index.php?rest_route=\/wp\/v2\/posts\/724","targetHints":{"allow":["GET"]}}],"collection":[{"href":"https:\/\/advogadosmc.com.br\/index.php?rest_route=\/wp\/v2\/posts"}],"about":[{"href":"https:\/\/advogadosmc.com.br\/index.php?rest_route=\/wp\/v2\/types\/post"}],"author":[{"embeddable":true,"href":"https:\/\/advogadosmc.com.br\/index.php?rest_route=\/wp\/v2\/users\/1"}],"replies":[{"embeddable":true,"href":"https:\/\/advogadosmc.com.br\/index.php?rest_route=%2Fwp%2Fv2%2Fcomments&post=724"}],"version-history":[{"count":1,"href":"https:\/\/advogadosmc.com.br\/index.php?rest_route=\/wp\/v2\/posts\/724\/revisions"}],"predecessor-version":[{"id":725,"href":"https:\/\/advogadosmc.com.br\/index.php?rest_route=\/wp\/v2\/posts\/724\/revisions\/725"}],"wp:attachment":[{"href":"https:\/\/advogadosmc.com.br\/index.php?rest_route=%2Fwp%2Fv2%2Fmedia&parent=724"}],"wp:term":[{"taxonomy":"category","embeddable":true,"href":"https:\/\/advogadosmc.com.br\/index.php?rest_route=%2Fwp%2Fv2%2Fcategories&post=724"},{"taxonomy":"post_tag","embeddable":true,"href":"https:\/\/advogadosmc.com.br\/index.php?rest_route=%2Fwp%2Fv2%2Ftags&post=724"}],"curies":[{"name":"wp","href":"https:\/\/api.w.org\/{rel}","templated":true}]}}