{"id":734,"date":"2024-04-03T06:43:55","date_gmt":"2024-04-03T09:43:55","guid":{"rendered":"https:\/\/advogadosmc.com.br\/?p=734"},"modified":"2024-04-03T06:43:57","modified_gmt":"2024-04-03T09:43:57","slug":"estabelecimento-condenado-indenizar-consumidor-danos-morais-materiais-furto-dano-veiculo","status":"publish","type":"post","link":"https:\/\/advogadosmc.com.br\/?p=734","title":{"rendered":"Dano e Furto em Estacionamento de Estabelecimento Comercial Gera Indeniza\u00e7\u00e3o ao Consumidor"},"content":{"rendered":"\n<p>Estabelecimento comercial, MJ CAFETERIA, foi condenada a indenizar o consumidor por <strong>danos morais<\/strong> com valor fixado em<strong> R$2.000,00,<\/strong> e o <strong>dano material foi reparado na quantia de R$1.047,76<\/strong>. A decis\u00e3o \u00e9 da 02\u00aa Turma Recursal dos Juizados Especiais do Estado do Paran\u00e1 de forma definitiva. <\/p>\n\n\n\n<p class=\"has-text-align-justify\"><strong>No caso, houve dano e furto no ve\u00edculo ocorrido em seu estacionamento<\/strong> gratuito. O consumidor estacionou seu ve\u00edculo no estacionamento indicado pela cafeteria ap\u00f3s consumir no local,<strong> mas ao retornar, encontrou seu ve\u00edculo arrombado e diversos itens pessoais furtados.<\/strong> Embora o estacionamento fosse cortesia oferecida aos clientes, sua disponibilidade gera uma falsa sensa\u00e7\u00e3o de seguran\u00e7a, colocando sobre o estabelecimento o dever de guarda e vigil\u00e2ncia, e consequentemente, o dever de indenizar em caso de preju\u00edzo ao consumidor. <\/p>\n\n\n\n<!--more-->\n\n\n\n<p>O advogado do consumidor, Dr. Vitor Bruno Marques da Costa, explica que:<\/p>\n\n\n\n<p class=\"has-text-align-justify\"><em>&#8220;Segundo a S\u00famula n\u00ba 130 do STJ,<strong> a empresa responde perante o cliente pela repara\u00e7\u00e3o de dano ou furto de ve\u00edculo ocorridos em seu estacionamento.<\/strong> O Enunciado n\u00b0 3.1 do TJPR refor\u00e7a essa responsabilidade, especialmente quando se trata de institui\u00e7\u00f5es de ensino ou estabelecimentos comerciais, <strong>que devem exercer vigil\u00e2ncia e cust\u00f3dia sobre os autom\u00f3veis de seus clientes<\/strong>. Al\u00e9m disso, a Constitui\u00e7\u00e3o Federal de 1988, em seu artigo 5\u00ba, incisos V e X, e os artigos 186, 189 e 927 do C\u00f3digo Civil, juntamente com os artigos 14 e 16 do C\u00f3digo do Consumidor, respaldam a prote\u00e7\u00e3o do consumidor e a responsabilidade civil em casos como este.&#8221;<\/em><\/p>\n\n\n\n<p class=\"has-text-align-justify\">O processo tramitou no Juizado Especial C\u00edvel de Curitiba\/PR sob os autos de n\u00ba 0000754-56.2021.8.16.0204, e o consumidor foi defendido com \u00eaxito pelo escrit\u00f3rio &#8220;Marques da Costa&#8221;. Esta decis\u00e3o refor\u00e7a a import\u00e2ncia da prote\u00e7\u00e3o dos direitos do consumidor e da responsabilidade dos estabelecimentos comerciais em garantir a seguran\u00e7a de seus clientes em suas depend\u00eancias.<\/p>\n\n\n\n<hr class=\"wp-block-separator has-alpha-channel-opacity\"\/>\n\n\n\n<p>Marques da Costa \u2013 Advocacia e Consultoria Jur\u00eddica<br>Sociedade Ind. de Advocacia n\u00ba 14.373 OAB\/PR<br>CNPJ n\u00ba 47.937.138\/0001-85<br>Advogado Respons\u00e1vel Dr. Vitor Bruno Marques da Costa n\u00ba 94.762 OAB\/PR<br><strong><a href=\"https:\/\/api.whatsapp.com\/send\/?phone=5541996233229&amp;text=Ol%C3%A1%2C+estou+precisando+de+um+advogado+e+venho+do+site+de+Advocacia+Marques+da+Costa.&amp;type=phone_number&amp;app_absent=0\">(41) 99623-3229<\/a>&nbsp;| 4042-1448 |&nbsp;<\/strong><em>atendimento@advogadosmc.com.br<\/em><\/p>\n","protected":false},"excerpt":{"rendered":"<p>Estabelecimento comercial, MJ CAFETERIA, foi condenada a indenizar o consumidor por danos morais com valor fixado em R$2.000,00, e o dano material foi reparado na quantia de R$1.047,76. A decis\u00e3o \u00e9 da 02\u00aa Turma Recursal dos Juizados Especiais do Estado do Paran\u00e1 de forma definitiva. No caso, houve dano e furto no ve\u00edculo ocorrido em<\/p><\/div>\n<div class=\"blog-btn\"><a href=\"https:\/\/advogadosmc.com.br\/?p=734\" class=\"home-blog-btn\">Ler mais<\/a><\/p>\n","protected":false},"author":1,"featured_media":0,"comment_status":"closed","ping_status":"open","sticky":false,"template":"","format":"standard","meta":{"ngg_post_thumbnail":0,"_jetpack_memberships_contains_paid_content":false,"footnotes":""},"categories":[16],"tags":[184,278,138,117,275,86,271,281,276,274,268,270,280,282,273,17,272,279,277],"class_list":["post-734","post","type-post","status-publish","format-standard","hentry","category-responsabilidade-civil","tag-advocacia-especializada","tag-dano-em-veiculo","tag-danos-materiais","tag-danos-morais","tag-direitos-do-consumidor","tag-estacionamento","tag-estacionamento-gratuito","tag-faculdade","tag-furto-de-carro","tag-furto-de-veiculo","tag-indenizacao-consumidor","tag-jurisprudencia-em-casos-de-furto-de-veiculo","tag-loja","tag-mercado","tag-protecao-do-consumidor","tag-responsabilidade-civil","tag-responsabilidade-do-estabelecimento","tag-roubo-de-carro","tag-roubo-de-veiculo"],"yoast_head":"<!-- This site is optimized with the Yoast SEO plugin v27.4 - https:\/\/yoast.com\/product\/yoast-seo-wordpress\/ -->\n<title>Dano e Furto em Estacionamento de Estabelecimento Comercial Gera Indeniza\u00e7\u00e3o ao Consumidor - Marques da Costa Advogados<\/title>\n<meta name=\"description\" content=\"Estabelecimento Condenado por Furto e Dano em Ve\u00edculo de Consumidor que Utilizou o Estacionamento Gratuita Ap\u00f3s Consumo no Local\" \/>\n<meta name=\"robots\" content=\"index, follow, max-snippet:-1, max-image-preview:large, max-video-preview:-1\" \/>\n<link rel=\"canonical\" href=\"https:\/\/advogadosmc.com.br\/?p=734\" \/>\n<meta property=\"og:locale\" content=\"pt_BR\" \/>\n<meta property=\"og:type\" content=\"article\" \/>\n<meta property=\"og:title\" content=\"Dano e Furto em Estacionamento de Estabelecimento Comercial Gera Indeniza\u00e7\u00e3o ao Consumidor - Marques da Costa Advogados\" \/>\n<meta property=\"og:description\" content=\"Estabelecimento Condenado por Furto e Dano em Ve\u00edculo de Consumidor que Utilizou o Estacionamento Gratuita Ap\u00f3s Consumo no Local\" \/>\n<meta property=\"og:url\" content=\"https:\/\/advogadosmc.com.br\/?p=734\" \/>\n<meta property=\"og:site_name\" content=\"Marques da Costa Advogados\" \/>\n<meta property=\"article:published_time\" content=\"2024-04-03T09:43:55+00:00\" \/>\n<meta property=\"article:modified_time\" content=\"2024-04-03T09:43:57+00:00\" \/>\n<meta name=\"author\" content=\"mc\" \/>\n<meta name=\"twitter:card\" content=\"summary_large_image\" \/>\n<meta name=\"twitter:label1\" content=\"Escrito por\" \/>\n\t<meta name=\"twitter:data1\" content=\"mc\" \/>\n\t<meta name=\"twitter:label2\" content=\"Est. tempo de leitura\" \/>\n\t<meta name=\"twitter:data2\" content=\"2 minutos\" \/>\n<script type=\"application\/ld+json\" class=\"yoast-schema-graph\">{\"@context\":\"https:\\\/\\\/schema.org\",\"@graph\":[{\"@type\":\"Article\",\"@id\":\"https:\\\/\\\/advogadosmc.com.br\\\/?p=734#article\",\"isPartOf\":{\"@id\":\"https:\\\/\\\/advogadosmc.com.br\\\/?p=734\"},\"author\":{\"name\":\"mc\",\"@id\":\"https:\\\/\\\/advogadosmc.com.br\\\/#\\\/schema\\\/person\\\/fd85bb7cc9e2a96647c1c05c33f00169\"},\"headline\":\"Dano e Furto em Estacionamento de Estabelecimento Comercial Gera Indeniza\u00e7\u00e3o ao Consumidor\",\"datePublished\":\"2024-04-03T09:43:55+00:00\",\"dateModified\":\"2024-04-03T09:43:57+00:00\",\"mainEntityOfPage\":{\"@id\":\"https:\\\/\\\/advogadosmc.com.br\\\/?p=734\"},\"wordCount\":363,\"publisher\":{\"@id\":\"https:\\\/\\\/advogadosmc.com.br\\\/#\\\/schema\\\/person\\\/fd85bb7cc9e2a96647c1c05c33f00169\"},\"keywords\":[\"Advocacia especializada\",\"dano em ve\u00edculo\",\"Danos materiais\",\"danos morais\",\"Direitos do consumidor\",\"estacionamento\",\"Estacionamento gratuito\",\"faculdade\",\"furto de carro\",\"furto de ve\u00edculo\",\"Indeniza\u00e7\u00e3o consumidor\",\"Jurisprud\u00eancia em casos de furto de ve\u00edculo\",\"loja\",\"mercado\",\"Prote\u00e7\u00e3o do consumidor\",\"responsabilidade civil\",\"Responsabilidade do estabelecimento\",\"roubo de carro\",\"roubo de ve\u00edculo\"],\"articleSection\":[\"Responsabilidade Civil\"],\"inLanguage\":\"pt-BR\"},{\"@type\":\"WebPage\",\"@id\":\"https:\\\/\\\/advogadosmc.com.br\\\/?p=734\",\"url\":\"https:\\\/\\\/advogadosmc.com.br\\\/?p=734\",\"name\":\"Dano e Furto em Estacionamento de Estabelecimento Comercial Gera Indeniza\u00e7\u00e3o ao Consumidor - Marques da Costa Advogados\",\"isPartOf\":{\"@id\":\"https:\\\/\\\/advogadosmc.com.br\\\/#website\"},\"datePublished\":\"2024-04-03T09:43:55+00:00\",\"dateModified\":\"2024-04-03T09:43:57+00:00\",\"description\":\"Estabelecimento Condenado por Furto e Dano em Ve\u00edculo de Consumidor que Utilizou o Estacionamento Gratuita Ap\u00f3s Consumo no Local\",\"breadcrumb\":{\"@id\":\"https:\\\/\\\/advogadosmc.com.br\\\/?p=734#breadcrumb\"},\"inLanguage\":\"pt-BR\",\"potentialAction\":[{\"@type\":\"ReadAction\",\"target\":[\"https:\\\/\\\/advogadosmc.com.br\\\/?p=734\"]}]},{\"@type\":\"BreadcrumbList\",\"@id\":\"https:\\\/\\\/advogadosmc.com.br\\\/?p=734#breadcrumb\",\"itemListElement\":[{\"@type\":\"ListItem\",\"position\":1,\"name\":\"In\u00edcio\",\"item\":\"https:\\\/\\\/advogadosmc.com.br\\\/\"},{\"@type\":\"ListItem\",\"position\":2,\"name\":\"Dano e Furto em Estacionamento de Estabelecimento Comercial Gera Indeniza\u00e7\u00e3o ao Consumidor\"}]},{\"@type\":\"WebSite\",\"@id\":\"https:\\\/\\\/advogadosmc.com.br\\\/#website\",\"url\":\"https:\\\/\\\/advogadosmc.com.br\\\/\",\"name\":\"Marques da Costa Advogados\",\"description\":\"(41) 99623-3229 | 4042-1448 | atendimento@advogadosmc.com.br\",\"publisher\":{\"@id\":\"https:\\\/\\\/advogadosmc.com.br\\\/#\\\/schema\\\/person\\\/fd85bb7cc9e2a96647c1c05c33f00169\"},\"potentialAction\":[{\"@type\":\"SearchAction\",\"target\":{\"@type\":\"EntryPoint\",\"urlTemplate\":\"https:\\\/\\\/advogadosmc.com.br\\\/?s={search_term_string}\"},\"query-input\":{\"@type\":\"PropertyValueSpecification\",\"valueRequired\":true,\"valueName\":\"search_term_string\"}}],\"inLanguage\":\"pt-BR\"},{\"@type\":[\"Person\",\"Organization\"],\"@id\":\"https:\\\/\\\/advogadosmc.com.br\\\/#\\\/schema\\\/person\\\/fd85bb7cc9e2a96647c1c05c33f00169\",\"name\":\"mc\",\"image\":{\"@type\":\"ImageObject\",\"inLanguage\":\"pt-BR\",\"@id\":\"http:\\\/\\\/advogadosmc.com.br\\\/wp-content\\\/uploads\\\/2018\\\/10\\\/Logo-03-1024x655.png\",\"url\":\"http:\\\/\\\/advogadosmc.com.br\\\/wp-content\\\/uploads\\\/2018\\\/10\\\/Logo-03-1024x655.png\",\"contentUrl\":\"http:\\\/\\\/advogadosmc.com.br\\\/wp-content\\\/uploads\\\/2018\\\/10\\\/Logo-03-1024x655.png\",\"width\":1024,\"height\":655,\"caption\":\"mc\"},\"logo\":{\"@id\":\"http:\\\/\\\/advogadosmc.com.br\\\/wp-content\\\/uploads\\\/2018\\\/10\\\/Logo-03-1024x655.png\"}}]}<\/script>\n<!-- \/ Yoast SEO plugin. -->","yoast_head_json":{"title":"Dano e Furto em Estacionamento de Estabelecimento Comercial Gera Indeniza\u00e7\u00e3o ao Consumidor - Marques da Costa Advogados","description":"Estabelecimento Condenado por Furto e Dano em Ve\u00edculo de Consumidor que Utilizou o Estacionamento Gratuita Ap\u00f3s Consumo no Local","robots":{"index":"index","follow":"follow","max-snippet":"max-snippet:-1","max-image-preview":"max-image-preview:large","max-video-preview":"max-video-preview:-1"},"canonical":"https:\/\/advogadosmc.com.br\/?p=734","og_locale":"pt_BR","og_type":"article","og_title":"Dano e Furto em Estacionamento de Estabelecimento Comercial Gera Indeniza\u00e7\u00e3o ao Consumidor - Marques da Costa Advogados","og_description":"Estabelecimento Condenado por Furto e Dano em Ve\u00edculo de Consumidor que Utilizou o Estacionamento Gratuita Ap\u00f3s Consumo no Local","og_url":"https:\/\/advogadosmc.com.br\/?p=734","og_site_name":"Marques da Costa Advogados","article_published_time":"2024-04-03T09:43:55+00:00","article_modified_time":"2024-04-03T09:43:57+00:00","author":"mc","twitter_card":"summary_large_image","twitter_misc":{"Escrito por":"mc","Est. tempo de leitura":"2 minutos"},"schema":{"@context":"https:\/\/schema.org","@graph":[{"@type":"Article","@id":"https:\/\/advogadosmc.com.br\/?p=734#article","isPartOf":{"@id":"https:\/\/advogadosmc.com.br\/?p=734"},"author":{"name":"mc","@id":"https:\/\/advogadosmc.com.br\/#\/schema\/person\/fd85bb7cc9e2a96647c1c05c33f00169"},"headline":"Dano e Furto em Estacionamento de Estabelecimento Comercial Gera Indeniza\u00e7\u00e3o ao Consumidor","datePublished":"2024-04-03T09:43:55+00:00","dateModified":"2024-04-03T09:43:57+00:00","mainEntityOfPage":{"@id":"https:\/\/advogadosmc.com.br\/?p=734"},"wordCount":363,"publisher":{"@id":"https:\/\/advogadosmc.com.br\/#\/schema\/person\/fd85bb7cc9e2a96647c1c05c33f00169"},"keywords":["Advocacia especializada","dano em ve\u00edculo","Danos materiais","danos morais","Direitos do consumidor","estacionamento","Estacionamento gratuito","faculdade","furto de carro","furto de ve\u00edculo","Indeniza\u00e7\u00e3o consumidor","Jurisprud\u00eancia em casos de furto de ve\u00edculo","loja","mercado","Prote\u00e7\u00e3o do consumidor","responsabilidade civil","Responsabilidade do estabelecimento","roubo de carro","roubo de ve\u00edculo"],"articleSection":["Responsabilidade Civil"],"inLanguage":"pt-BR"},{"@type":"WebPage","@id":"https:\/\/advogadosmc.com.br\/?p=734","url":"https:\/\/advogadosmc.com.br\/?p=734","name":"Dano e Furto em Estacionamento de Estabelecimento Comercial Gera Indeniza\u00e7\u00e3o ao Consumidor - Marques da Costa Advogados","isPartOf":{"@id":"https:\/\/advogadosmc.com.br\/#website"},"datePublished":"2024-04-03T09:43:55+00:00","dateModified":"2024-04-03T09:43:57+00:00","description":"Estabelecimento Condenado por Furto e Dano em Ve\u00edculo de Consumidor que Utilizou o Estacionamento Gratuita Ap\u00f3s Consumo no Local","breadcrumb":{"@id":"https:\/\/advogadosmc.com.br\/?p=734#breadcrumb"},"inLanguage":"pt-BR","potentialAction":[{"@type":"ReadAction","target":["https:\/\/advogadosmc.com.br\/?p=734"]}]},{"@type":"BreadcrumbList","@id":"https:\/\/advogadosmc.com.br\/?p=734#breadcrumb","itemListElement":[{"@type":"ListItem","position":1,"name":"In\u00edcio","item":"https:\/\/advogadosmc.com.br\/"},{"@type":"ListItem","position":2,"name":"Dano e Furto em Estacionamento de Estabelecimento Comercial Gera Indeniza\u00e7\u00e3o ao Consumidor"}]},{"@type":"WebSite","@id":"https:\/\/advogadosmc.com.br\/#website","url":"https:\/\/advogadosmc.com.br\/","name":"Marques da Costa Advogados","description":"(41) 99623-3229 | 4042-1448 | atendimento@advogadosmc.com.br","publisher":{"@id":"https:\/\/advogadosmc.com.br\/#\/schema\/person\/fd85bb7cc9e2a96647c1c05c33f00169"},"potentialAction":[{"@type":"SearchAction","target":{"@type":"EntryPoint","urlTemplate":"https:\/\/advogadosmc.com.br\/?s={search_term_string}"},"query-input":{"@type":"PropertyValueSpecification","valueRequired":true,"valueName":"search_term_string"}}],"inLanguage":"pt-BR"},{"@type":["Person","Organization"],"@id":"https:\/\/advogadosmc.com.br\/#\/schema\/person\/fd85bb7cc9e2a96647c1c05c33f00169","name":"mc","image":{"@type":"ImageObject","inLanguage":"pt-BR","@id":"http:\/\/advogadosmc.com.br\/wp-content\/uploads\/2018\/10\/Logo-03-1024x655.png","url":"http:\/\/advogadosmc.com.br\/wp-content\/uploads\/2018\/10\/Logo-03-1024x655.png","contentUrl":"http:\/\/advogadosmc.com.br\/wp-content\/uploads\/2018\/10\/Logo-03-1024x655.png","width":1024,"height":655,"caption":"mc"},"logo":{"@id":"http:\/\/advogadosmc.com.br\/wp-content\/uploads\/2018\/10\/Logo-03-1024x655.png"}}]}},"jetpack_featured_media_url":"","jetpack_sharing_enabled":true,"jetpack_likes_enabled":true,"_links":{"self":[{"href":"https:\/\/advogadosmc.com.br\/index.php?rest_route=\/wp\/v2\/posts\/734","targetHints":{"allow":["GET"]}}],"collection":[{"href":"https:\/\/advogadosmc.com.br\/index.php?rest_route=\/wp\/v2\/posts"}],"about":[{"href":"https:\/\/advogadosmc.com.br\/index.php?rest_route=\/wp\/v2\/types\/post"}],"author":[{"embeddable":true,"href":"https:\/\/advogadosmc.com.br\/index.php?rest_route=\/wp\/v2\/users\/1"}],"replies":[{"embeddable":true,"href":"https:\/\/advogadosmc.com.br\/index.php?rest_route=%2Fwp%2Fv2%2Fcomments&post=734"}],"version-history":[{"count":1,"href":"https:\/\/advogadosmc.com.br\/index.php?rest_route=\/wp\/v2\/posts\/734\/revisions"}],"predecessor-version":[{"id":735,"href":"https:\/\/advogadosmc.com.br\/index.php?rest_route=\/wp\/v2\/posts\/734\/revisions\/735"}],"wp:attachment":[{"href":"https:\/\/advogadosmc.com.br\/index.php?rest_route=%2Fwp%2Fv2%2Fmedia&parent=734"}],"wp:term":[{"taxonomy":"category","embeddable":true,"href":"https:\/\/advogadosmc.com.br\/index.php?rest_route=%2Fwp%2Fv2%2Fcategories&post=734"},{"taxonomy":"post_tag","embeddable":true,"href":"https:\/\/advogadosmc.com.br\/index.php?rest_route=%2Fwp%2Fv2%2Ftags&post=734"}],"curies":[{"name":"wp","href":"https:\/\/api.w.org\/{rel}","templated":true}]}}