{"id":739,"date":"2024-04-03T07:31:06","date_gmt":"2024-04-03T10:31:06","guid":{"rendered":"https:\/\/advogadosmc.com.br\/?p=739"},"modified":"2024-04-03T07:31:08","modified_gmt":"2024-04-03T10:31:08","slug":"pai-conquista-guarda-unilateral-criancas-justica","status":"publish","type":"post","link":"https:\/\/advogadosmc.com.br\/?p=739","title":{"rendered":"Pai Obt\u00e9m Regulariza\u00e7\u00e3o de Guarda Unilateral de Tr\u00eas Crian\u00e7as na Justi\u00e7a"},"content":{"rendered":"\n<p class=\"has-text-align-justify\">Um genitor (pai das crian\u00e7as) conquistou <strong>de forma definitiva<\/strong> na justi\u00e7a o <strong>reconhecimento da guarda unilateral<\/strong> de seus tr\u00eas filhos, ap\u00f3s um processo conturbado envolvendo a situa\u00e7\u00e3o da m\u00e3e das crian\u00e7as. Do laudo emitido pela Equipe Multidisciplinar de Servi\u00e7o Auxiliar da Inf\u00e2ncia e da Juventude, ficou evidenciado que os infantes est\u00e3o sob os cuidados paternos, devido \u00e0 aus\u00eancia de conv\u00edvio com a m\u00e3e, supostamente usu\u00e1ria de subst\u00e2ncias entorpecentes. <strong>Diante dessa situa\u00e7\u00e3o, a regulariza\u00e7\u00e3o da guarda se mostrou necess\u00e1ria para garantir os direitos e a seguran\u00e7a das crian\u00e7as.<\/strong><\/p>\n\n\n\n<!--more-->\n\n\n\n<p class=\"has-text-align-justify\">O Advogado que defendeu as crian\u00e7as, Dr. Vitor Bruno Marques da Costa, explica:<\/p>\n\n\n\n<p class=\"has-text-align-justify\"><em>&#8220;<strong>Na guarda unilateral significa que apenas um dos pais det\u00e9m a responsabilidade exclusiva sobre as crian\u00e7as, sendo o principal respons\u00e1vel por suas necessidades e decis\u00f5es importantes, como educa\u00e7\u00e3o e sa\u00fade.<\/strong> J\u00e1 na guarda compartilhada, ambos os pais t\u00eam participa\u00e7\u00e3o igualit\u00e1ria na cria\u00e7\u00e3o dos filhos, compartilhando responsabilidades e decis\u00f5es relacionadas \u00e0 educa\u00e7\u00e3o, sa\u00fade e bem-estar das crian\u00e7as. <strong>Nesse caso espec\u00edfico, o genitor obteve o reconhecimento da guarda unilateral ap\u00f3s comprovar que a m\u00e3e das crian\u00e7as n\u00e3o estava apta a exercer essa responsabilidade, <\/strong>devido ao seu suposto envolvimento com subst\u00e2ncias entorpecentes e quest\u00f5es judiciais pendentes. Utilizamos como fundamento jur\u00eddico para respaldar o pedido de guarda unilateral, os artigos de lei: Art. 33, \u00a7 1\u00ba, \u00a7 2\u00ba e \u00a7 3\u00ba do Estatuto da Crian\u00e7a e do Adolescente estabelece os direitos e garantias fundamentais das crian\u00e7as, enquanto o Art. 1584, \u00a7 5\u00ba e o Art. 1.589 do C\u00f3digo Civil definem as regras e responsabilidades relacionadas \u00e0 guarda e cuidados parentais.&#8221;<\/em><\/p>\n\n\n\n<p class=\"has-text-align-justify\">No caso, a defesa das crian\u00e7as, representada pelo genitor, <strong>apresentou argumentos s\u00f3lidos para embasar o pedido de guarda unilateral<\/strong>. Em documento expedido pelo Conselho Tutelar de Almirante Tamandar\u00e9, foi estabelecido um Termo de Responsabilidade em favor do genitor, com o intuito de resguardar os direitos das crian\u00e7as diante das preocupa\u00e7\u00f5es com a m\u00e3e, possivelmente usu\u00e1ria de subst\u00e2ncias psicoativas. Al\u00e9m disso, a genitora \u00e9 alvo de processos criminais em andamento, o que refor\u00e7a a necessidade de prote\u00e7\u00e3o das crian\u00e7as sob a guarda do genitor. Assim houve decis\u00e3o liminar concedendo a guarda unilateral ao pai de modo que foi confirmada a defini\u00e7\u00e3o em audi\u00eancia de media\u00e7\u00e3o.<\/p>\n\n\n\n<p>O processo tramitou em sigilo na Vara de Fam\u00edlia e Sucess\u00f5es de Almirante Tamandar\u00e9\/PR sob os autos de n\u00ba 0001438-65.2023.8.16.0024, e as crian\u00e7as foram assistidas pelo escrit\u00f3rio &#8220;Marques da Costa&#8221;.<\/p>\n\n\n\n<hr class=\"wp-block-separator has-alpha-channel-opacity\"\/>\n\n\n\n<p>Marques da Costa \u2013 Advocacia e Consultoria Jur\u00eddica<br>Sociedade Ind. de Advocacia n\u00ba 14.373 OAB\/PR<br>CNPJ n\u00ba 47.937.138\/0001-85<br>Advogado Respons\u00e1vel Dr. Vitor Bruno Marques da Costa n\u00ba 94.762 OAB\/PR<br><strong><a href=\"https:\/\/api.whatsapp.com\/send\/?phone=5541996233229&amp;text=Ol%C3%A1%2C+estou+precisando+de+um+advogado+e+venho+do+site+de+Advocacia+Marques+da+Costa.&amp;type=phone_number&amp;app_absent=0\">(41) 99623-3229<\/a>&nbsp;| 4042-1448 |&nbsp;<\/strong><em>atendimento@advogadosmc.com.br<\/em><\/p>\n","protected":false},"excerpt":{"rendered":"<p>Um genitor (pai das crian\u00e7as) conquistou de forma definitiva na justi\u00e7a o reconhecimento da guarda unilateral de seus tr\u00eas filhos, ap\u00f3s um processo conturbado envolvendo a situa\u00e7\u00e3o da m\u00e3e das crian\u00e7as. Do laudo emitido pela Equipe Multidisciplinar de Servi\u00e7o Auxiliar da Inf\u00e2ncia e da Juventude, ficou evidenciado que os infantes est\u00e3o sob os cuidados paternos,<\/p><\/div>\n<div class=\"blog-btn\"><a href=\"https:\/\/advogadosmc.com.br\/?p=739\" class=\"home-blog-btn\">Ler mais<\/a><\/p>\n","protected":false},"author":1,"featured_media":0,"comment_status":"closed","ping_status":"open","sticky":false,"template":"","format":"standard","meta":{"ngg_post_thumbnail":0,"_jetpack_memberships_contains_paid_content":false,"footnotes":""},"categories":[8],"tags":[],"class_list":["post-739","post","type-post","status-publish","format-standard","hentry","category-familia"],"yoast_head":"<!-- This site is optimized with the Yoast SEO plugin v27.4 - https:\/\/yoast.com\/product\/yoast-seo-wordpress\/ -->\n<title>Pai Obt\u00e9m Regulariza\u00e7\u00e3o de Guarda Unilateral de Tr\u00eas Crian\u00e7as na Justi\u00e7a - Marques da Costa Advogados<\/title>\n<meta name=\"description\" content=\"Pai conquista a guarda unilateral de suas crian\u00e7as, ap\u00f3s comprovar que a m\u00e3e das crian\u00e7as n\u00e3o estava apta a exercer essa responsabilidade\" \/>\n<meta name=\"robots\" content=\"index, follow, max-snippet:-1, max-image-preview:large, max-video-preview:-1\" \/>\n<link rel=\"canonical\" href=\"https:\/\/advogadosmc.com.br\/?p=739\" \/>\n<meta property=\"og:locale\" content=\"pt_BR\" \/>\n<meta property=\"og:type\" content=\"article\" \/>\n<meta property=\"og:title\" content=\"Pai Obt\u00e9m Regulariza\u00e7\u00e3o de Guarda Unilateral de Tr\u00eas Crian\u00e7as na Justi\u00e7a - Marques da Costa Advogados\" \/>\n<meta property=\"og:description\" content=\"Pai conquista a guarda unilateral de suas crian\u00e7as, ap\u00f3s comprovar que a m\u00e3e das crian\u00e7as n\u00e3o estava apta a exercer essa responsabilidade\" \/>\n<meta property=\"og:url\" content=\"https:\/\/advogadosmc.com.br\/?p=739\" \/>\n<meta property=\"og:site_name\" content=\"Marques da Costa Advogados\" \/>\n<meta property=\"article:published_time\" content=\"2024-04-03T10:31:06+00:00\" \/>\n<meta property=\"article:modified_time\" content=\"2024-04-03T10:31:08+00:00\" \/>\n<meta name=\"author\" content=\"mc\" \/>\n<meta name=\"twitter:card\" content=\"summary_large_image\" \/>\n<meta name=\"twitter:label1\" content=\"Escrito por\" \/>\n\t<meta name=\"twitter:data1\" content=\"mc\" \/>\n\t<meta name=\"twitter:label2\" content=\"Est. tempo de leitura\" \/>\n\t<meta name=\"twitter:data2\" content=\"3 minutos\" \/>\n<script type=\"application\/ld+json\" class=\"yoast-schema-graph\">{\"@context\":\"https:\\\/\\\/schema.org\",\"@graph\":[{\"@type\":\"Article\",\"@id\":\"https:\\\/\\\/advogadosmc.com.br\\\/?p=739#article\",\"isPartOf\":{\"@id\":\"https:\\\/\\\/advogadosmc.com.br\\\/?p=739\"},\"author\":{\"name\":\"mc\",\"@id\":\"https:\\\/\\\/advogadosmc.com.br\\\/#\\\/schema\\\/person\\\/fd85bb7cc9e2a96647c1c05c33f00169\"},\"headline\":\"Pai Obt\u00e9m Regulariza\u00e7\u00e3o de Guarda Unilateral de Tr\u00eas Crian\u00e7as na Justi\u00e7a\",\"datePublished\":\"2024-04-03T10:31:06+00:00\",\"dateModified\":\"2024-04-03T10:31:08+00:00\",\"mainEntityOfPage\":{\"@id\":\"https:\\\/\\\/advogadosmc.com.br\\\/?p=739\"},\"wordCount\":493,\"publisher\":{\"@id\":\"https:\\\/\\\/advogadosmc.com.br\\\/#\\\/schema\\\/person\\\/fd85bb7cc9e2a96647c1c05c33f00169\"},\"articleSection\":[\"Fam\u00edlia\"],\"inLanguage\":\"pt-BR\"},{\"@type\":\"WebPage\",\"@id\":\"https:\\\/\\\/advogadosmc.com.br\\\/?p=739\",\"url\":\"https:\\\/\\\/advogadosmc.com.br\\\/?p=739\",\"name\":\"Pai Obt\u00e9m Regulariza\u00e7\u00e3o de Guarda Unilateral de Tr\u00eas Crian\u00e7as na Justi\u00e7a - Marques da Costa Advogados\",\"isPartOf\":{\"@id\":\"https:\\\/\\\/advogadosmc.com.br\\\/#website\"},\"datePublished\":\"2024-04-03T10:31:06+00:00\",\"dateModified\":\"2024-04-03T10:31:08+00:00\",\"description\":\"Pai conquista a guarda unilateral de suas crian\u00e7as, ap\u00f3s comprovar que a m\u00e3e das crian\u00e7as n\u00e3o estava apta a exercer essa responsabilidade\",\"breadcrumb\":{\"@id\":\"https:\\\/\\\/advogadosmc.com.br\\\/?p=739#breadcrumb\"},\"inLanguage\":\"pt-BR\",\"potentialAction\":[{\"@type\":\"ReadAction\",\"target\":[\"https:\\\/\\\/advogadosmc.com.br\\\/?p=739\"]}]},{\"@type\":\"BreadcrumbList\",\"@id\":\"https:\\\/\\\/advogadosmc.com.br\\\/?p=739#breadcrumb\",\"itemListElement\":[{\"@type\":\"ListItem\",\"position\":1,\"name\":\"In\u00edcio\",\"item\":\"https:\\\/\\\/advogadosmc.com.br\\\/\"},{\"@type\":\"ListItem\",\"position\":2,\"name\":\"Pai Obt\u00e9m Regulariza\u00e7\u00e3o de Guarda Unilateral de Tr\u00eas Crian\u00e7as na Justi\u00e7a\"}]},{\"@type\":\"WebSite\",\"@id\":\"https:\\\/\\\/advogadosmc.com.br\\\/#website\",\"url\":\"https:\\\/\\\/advogadosmc.com.br\\\/\",\"name\":\"Marques da Costa Advogados\",\"description\":\"(41) 99623-3229 | 4042-1448 | atendimento@advogadosmc.com.br\",\"publisher\":{\"@id\":\"https:\\\/\\\/advogadosmc.com.br\\\/#\\\/schema\\\/person\\\/fd85bb7cc9e2a96647c1c05c33f00169\"},\"potentialAction\":[{\"@type\":\"SearchAction\",\"target\":{\"@type\":\"EntryPoint\",\"urlTemplate\":\"https:\\\/\\\/advogadosmc.com.br\\\/?s={search_term_string}\"},\"query-input\":{\"@type\":\"PropertyValueSpecification\",\"valueRequired\":true,\"valueName\":\"search_term_string\"}}],\"inLanguage\":\"pt-BR\"},{\"@type\":[\"Person\",\"Organization\"],\"@id\":\"https:\\\/\\\/advogadosmc.com.br\\\/#\\\/schema\\\/person\\\/fd85bb7cc9e2a96647c1c05c33f00169\",\"name\":\"mc\",\"image\":{\"@type\":\"ImageObject\",\"inLanguage\":\"pt-BR\",\"@id\":\"http:\\\/\\\/advogadosmc.com.br\\\/wp-content\\\/uploads\\\/2018\\\/10\\\/Logo-03-1024x655.png\",\"url\":\"http:\\\/\\\/advogadosmc.com.br\\\/wp-content\\\/uploads\\\/2018\\\/10\\\/Logo-03-1024x655.png\",\"contentUrl\":\"http:\\\/\\\/advogadosmc.com.br\\\/wp-content\\\/uploads\\\/2018\\\/10\\\/Logo-03-1024x655.png\",\"width\":1024,\"height\":655,\"caption\":\"mc\"},\"logo\":{\"@id\":\"http:\\\/\\\/advogadosmc.com.br\\\/wp-content\\\/uploads\\\/2018\\\/10\\\/Logo-03-1024x655.png\"}}]}<\/script>\n<!-- \/ Yoast SEO plugin. -->","yoast_head_json":{"title":"Pai Obt\u00e9m Regulariza\u00e7\u00e3o de Guarda Unilateral de Tr\u00eas Crian\u00e7as na Justi\u00e7a - Marques da Costa Advogados","description":"Pai conquista a guarda unilateral de suas crian\u00e7as, ap\u00f3s comprovar que a m\u00e3e das crian\u00e7as n\u00e3o estava apta a exercer essa responsabilidade","robots":{"index":"index","follow":"follow","max-snippet":"max-snippet:-1","max-image-preview":"max-image-preview:large","max-video-preview":"max-video-preview:-1"},"canonical":"https:\/\/advogadosmc.com.br\/?p=739","og_locale":"pt_BR","og_type":"article","og_title":"Pai Obt\u00e9m Regulariza\u00e7\u00e3o de Guarda Unilateral de Tr\u00eas Crian\u00e7as na Justi\u00e7a - Marques da Costa Advogados","og_description":"Pai conquista a guarda unilateral de suas crian\u00e7as, ap\u00f3s comprovar que a m\u00e3e das crian\u00e7as n\u00e3o estava apta a exercer essa responsabilidade","og_url":"https:\/\/advogadosmc.com.br\/?p=739","og_site_name":"Marques da Costa Advogados","article_published_time":"2024-04-03T10:31:06+00:00","article_modified_time":"2024-04-03T10:31:08+00:00","author":"mc","twitter_card":"summary_large_image","twitter_misc":{"Escrito por":"mc","Est. tempo de leitura":"3 minutos"},"schema":{"@context":"https:\/\/schema.org","@graph":[{"@type":"Article","@id":"https:\/\/advogadosmc.com.br\/?p=739#article","isPartOf":{"@id":"https:\/\/advogadosmc.com.br\/?p=739"},"author":{"name":"mc","@id":"https:\/\/advogadosmc.com.br\/#\/schema\/person\/fd85bb7cc9e2a96647c1c05c33f00169"},"headline":"Pai Obt\u00e9m Regulariza\u00e7\u00e3o de Guarda Unilateral de Tr\u00eas Crian\u00e7as na Justi\u00e7a","datePublished":"2024-04-03T10:31:06+00:00","dateModified":"2024-04-03T10:31:08+00:00","mainEntityOfPage":{"@id":"https:\/\/advogadosmc.com.br\/?p=739"},"wordCount":493,"publisher":{"@id":"https:\/\/advogadosmc.com.br\/#\/schema\/person\/fd85bb7cc9e2a96647c1c05c33f00169"},"articleSection":["Fam\u00edlia"],"inLanguage":"pt-BR"},{"@type":"WebPage","@id":"https:\/\/advogadosmc.com.br\/?p=739","url":"https:\/\/advogadosmc.com.br\/?p=739","name":"Pai Obt\u00e9m Regulariza\u00e7\u00e3o de Guarda Unilateral de Tr\u00eas Crian\u00e7as na Justi\u00e7a - Marques da Costa Advogados","isPartOf":{"@id":"https:\/\/advogadosmc.com.br\/#website"},"datePublished":"2024-04-03T10:31:06+00:00","dateModified":"2024-04-03T10:31:08+00:00","description":"Pai conquista a guarda unilateral de suas crian\u00e7as, ap\u00f3s comprovar que a m\u00e3e das crian\u00e7as n\u00e3o estava apta a exercer essa responsabilidade","breadcrumb":{"@id":"https:\/\/advogadosmc.com.br\/?p=739#breadcrumb"},"inLanguage":"pt-BR","potentialAction":[{"@type":"ReadAction","target":["https:\/\/advogadosmc.com.br\/?p=739"]}]},{"@type":"BreadcrumbList","@id":"https:\/\/advogadosmc.com.br\/?p=739#breadcrumb","itemListElement":[{"@type":"ListItem","position":1,"name":"In\u00edcio","item":"https:\/\/advogadosmc.com.br\/"},{"@type":"ListItem","position":2,"name":"Pai Obt\u00e9m Regulariza\u00e7\u00e3o de Guarda Unilateral de Tr\u00eas Crian\u00e7as na Justi\u00e7a"}]},{"@type":"WebSite","@id":"https:\/\/advogadosmc.com.br\/#website","url":"https:\/\/advogadosmc.com.br\/","name":"Marques da Costa Advogados","description":"(41) 99623-3229 | 4042-1448 | atendimento@advogadosmc.com.br","publisher":{"@id":"https:\/\/advogadosmc.com.br\/#\/schema\/person\/fd85bb7cc9e2a96647c1c05c33f00169"},"potentialAction":[{"@type":"SearchAction","target":{"@type":"EntryPoint","urlTemplate":"https:\/\/advogadosmc.com.br\/?s={search_term_string}"},"query-input":{"@type":"PropertyValueSpecification","valueRequired":true,"valueName":"search_term_string"}}],"inLanguage":"pt-BR"},{"@type":["Person","Organization"],"@id":"https:\/\/advogadosmc.com.br\/#\/schema\/person\/fd85bb7cc9e2a96647c1c05c33f00169","name":"mc","image":{"@type":"ImageObject","inLanguage":"pt-BR","@id":"http:\/\/advogadosmc.com.br\/wp-content\/uploads\/2018\/10\/Logo-03-1024x655.png","url":"http:\/\/advogadosmc.com.br\/wp-content\/uploads\/2018\/10\/Logo-03-1024x655.png","contentUrl":"http:\/\/advogadosmc.com.br\/wp-content\/uploads\/2018\/10\/Logo-03-1024x655.png","width":1024,"height":655,"caption":"mc"},"logo":{"@id":"http:\/\/advogadosmc.com.br\/wp-content\/uploads\/2018\/10\/Logo-03-1024x655.png"}}]}},"jetpack_featured_media_url":"","jetpack_sharing_enabled":true,"jetpack_likes_enabled":true,"_links":{"self":[{"href":"https:\/\/advogadosmc.com.br\/index.php?rest_route=\/wp\/v2\/posts\/739","targetHints":{"allow":["GET"]}}],"collection":[{"href":"https:\/\/advogadosmc.com.br\/index.php?rest_route=\/wp\/v2\/posts"}],"about":[{"href":"https:\/\/advogadosmc.com.br\/index.php?rest_route=\/wp\/v2\/types\/post"}],"author":[{"embeddable":true,"href":"https:\/\/advogadosmc.com.br\/index.php?rest_route=\/wp\/v2\/users\/1"}],"replies":[{"embeddable":true,"href":"https:\/\/advogadosmc.com.br\/index.php?rest_route=%2Fwp%2Fv2%2Fcomments&post=739"}],"version-history":[{"count":1,"href":"https:\/\/advogadosmc.com.br\/index.php?rest_route=\/wp\/v2\/posts\/739\/revisions"}],"predecessor-version":[{"id":740,"href":"https:\/\/advogadosmc.com.br\/index.php?rest_route=\/wp\/v2\/posts\/739\/revisions\/740"}],"wp:attachment":[{"href":"https:\/\/advogadosmc.com.br\/index.php?rest_route=%2Fwp%2Fv2%2Fmedia&parent=739"}],"wp:term":[{"taxonomy":"category","embeddable":true,"href":"https:\/\/advogadosmc.com.br\/index.php?rest_route=%2Fwp%2Fv2%2Fcategories&post=739"},{"taxonomy":"post_tag","embeddable":true,"href":"https:\/\/advogadosmc.com.br\/index.php?rest_route=%2Fwp%2Fv2%2Ftags&post=739"}],"curies":[{"name":"wp","href":"https:\/\/api.w.org\/{rel}","templated":true}]}}